{"id":41436,"date":"2025-12-19T09:37:19","date_gmt":"2025-12-19T08:37:19","guid":{"rendered":"https:\/\/www.arqis.com\/?post_type=news&#038;p=41436"},"modified":"2025-12-19T14:50:40","modified_gmt":"2025-12-19T13:50:40","slug":"arqis-advises-lafayette-mittelstand-capital-on-acquisition-of-zerbst-gmbh","status":"publish","type":"news","link":"https:\/\/www.arqis.com\/en\/news\/arqis-beraet-lafayette-mittelstand-capital-bei-uebernahme-der-zerbst-gmbh\/","title":{"rendered":"ARQIS advises Lafayette Mittelstand Capital on acquisition of Zerbst GmbH"},"template":"","kategorie":[3,5],"class_list":["post-41436","news","type-news","status-publish","hentry","kategorie-deals","kategorie-pressemitteilungen"],"acf":[],"yoast_head":"<!-- This site is optimized with the Yoast SEO plugin v27.5 - https:\/\/yoast.com\/product\/yoast-seo-wordpress\/ -->\n<title>ARQIS ber\u00e4t Lafayette Mittelstand Capital bei \u00dcbernahme der Zerbst GmbH - ARQIS<\/title>\n<meta name=\"description\" content=\"ARQIS hat den Gesellschafter der Argentum Gruppe, die f\u00fchrende Private Equity-Gesellschaft Lafayette Mittelstand Capital, bei der \u00dcbern ...\" \/>\n<meta name=\"robots\" content=\"index, follow, max-snippet:-1, max-image-preview:large, max-video-preview:-1\" \/>\n<link rel=\"canonical\" href=\"https:\/\/www.arqis.com\/en\/news\/arqis-advises-lafayette-mittelstand-capital-on-acquisition-of-zerbst-gmbh\/\" \/>\n<meta property=\"og:locale\" content=\"en_US\" \/>\n<meta property=\"og:type\" content=\"article\" \/>\n<meta property=\"og:title\" content=\"ARQIS ber\u00e4t Lafayette Mittelstand Capital bei \u00dcbernahme der Zerbst GmbH - ARQIS\" \/>\n<meta property=\"og:description\" content=\"ARQIS hat den Gesellschafter der Argentum Gruppe, die f\u00fchrende Private Equity-Gesellschaft Lafayette Mittelstand Capital, bei der \u00dcbern ...\" \/>\n<meta property=\"og:url\" content=\"https:\/\/www.arqis.com\/en\/news\/arqis-advises-lafayette-mittelstand-capital-on-acquisition-of-zerbst-gmbh\/\" \/>\n<meta property=\"og:site_name\" content=\"ARQIS\" \/>\n<meta property=\"article:modified_time\" content=\"2025-12-19T13:50:40+00:00\" \/>\n<meta name=\"twitter:card\" content=\"summary_large_image\" \/>\n<meta name=\"twitter:label1\" content=\"Est. reading time\" \/>\n\t<meta name=\"twitter:data1\" content=\"2 minutes\" \/>\n<script type=\"application\/ld+json\" class=\"yoast-schema-graph\">{\"@context\":\"https:\\\/\\\/schema.org\",\"@graph\":[{\"@type\":\"WebPage\",\"@id\":\"https:\\\/\\\/www.arqis.com\\\/news\\\/arqis-beraet-lafayette-mittelstand-capital-bei-uebernahme-der-zerbst-gmbh\\\/\",\"url\":\"https:\\\/\\\/www.arqis.com\\\/news\\\/arqis-beraet-lafayette-mittelstand-capital-bei-uebernahme-der-zerbst-gmbh\\\/\",\"name\":\"ARQIS ber\u00e4t Lafayette Mittelstand Capital bei \u00dcbernahme der Zerbst GmbH - ARQIS\",\"isPartOf\":{\"@id\":\"https:\\\/\\\/www.arqis.com\\\/#website\"},\"datePublished\":\"2025-12-19T08:37:19+00:00\",\"dateModified\":\"2025-12-19T13:50:40+00:00\",\"description\":\"ARQIS hat den Gesellschafter der Argentum Gruppe, die f\u00fchrende Private Equity-Gesellschaft Lafayette Mittelstand Capital, bei der \u00dcbern ...\",\"breadcrumb\":{\"@id\":\"https:\\\/\\\/www.arqis.com\\\/news\\\/arqis-beraet-lafayette-mittelstand-capital-bei-uebernahme-der-zerbst-gmbh\\\/#breadcrumb\"},\"inLanguage\":\"en-US\",\"potentialAction\":[{\"@type\":\"ReadAction\",\"target\":[\"https:\\\/\\\/www.arqis.com\\\/news\\\/arqis-beraet-lafayette-mittelstand-capital-bei-uebernahme-der-zerbst-gmbh\\\/\"]}]},{\"@type\":\"BreadcrumbList\",\"@id\":\"https:\\\/\\\/www.arqis.com\\\/news\\\/arqis-beraet-lafayette-mittelstand-capital-bei-uebernahme-der-zerbst-gmbh\\\/#breadcrumb\",\"itemListElement\":[{\"@type\":\"ListItem\",\"position\":1,\"name\":\"Home\",\"item\":\"https:\\\/\\\/www.arqis.com\\\/\"},{\"@type\":\"ListItem\",\"position\":2,\"name\":\"News\",\"item\":\"https:\\\/\\\/www.arqis.com\\\/en\\\/news\\\/\"},{\"@type\":\"ListItem\",\"position\":3,\"name\":\"ARQIS ber\u00e4t Lafayette Mittelstand Capital bei \u00dcbernahme der Zerbst GmbH\"}]},{\"@type\":\"WebSite\",\"@id\":\"https:\\\/\\\/www.arqis.com\\\/#website\",\"url\":\"https:\\\/\\\/www.arqis.com\\\/\",\"name\":\"ARQIS\",\"description\":\"Law\",\"potentialAction\":[{\"@type\":\"SearchAction\",\"target\":{\"@type\":\"EntryPoint\",\"urlTemplate\":\"https:\\\/\\\/www.arqis.com\\\/?s={search_term_string}\"},\"query-input\":{\"@type\":\"PropertyValueSpecification\",\"valueRequired\":true,\"valueName\":\"search_term_string\"}}],\"inLanguage\":\"en-US\"}]}<\/script>\n<!-- \/ Yoast SEO plugin. -->","yoast_head_json":{"title":"ARQIS advises Lafayette Mittelstand Capital on acquisition of Zerbst GmbH - ARQIS","description":"ARQIS provided comprehensive legal advice to the shareholder of Argentum Gruppe, the leading private equity firm Lafayette Mittelstand Capital, on the acquisition ...","robots":{"index":"index","follow":"follow","max-snippet":"max-snippet:-1","max-image-preview":"max-image-preview:large","max-video-preview":"max-video-preview:-1"},"canonical":"https:\/\/www.arqis.com\/en\/news\/arqis-advises-lafayette-mittelstand-capital-on-acquisition-of-zerbst-gmbh\/","og_locale":"en_US","og_type":"article","og_title":"ARQIS ber\u00e4t Lafayette Mittelstand Capital bei \u00dcbernahme der Zerbst GmbH - ARQIS","og_description":"ARQIS hat den Gesellschafter der Argentum Gruppe, die f\u00fchrende Private Equity-Gesellschaft Lafayette Mittelstand Capital, bei der \u00dcbern ...","og_url":"https:\/\/www.arqis.com\/en\/news\/arqis-advises-lafayette-mittelstand-capital-on-acquisition-of-zerbst-gmbh\/","og_site_name":"ARQIS","article_modified_time":"2025-12-19T13:50:40+00:00","twitter_card":"summary_large_image","twitter_misc":{"Est. reading time":"2 minutes"},"schema":{"@context":"https:\/\/schema.org","@graph":[{"@type":"WebPage","@id":"https:\/\/www.arqis.com\/news\/arqis-beraet-lafayette-mittelstand-capital-bei-uebernahme-der-zerbst-gmbh\/","url":"https:\/\/www.arqis.com\/news\/arqis-beraet-lafayette-mittelstand-capital-bei-uebernahme-der-zerbst-gmbh\/","name":"ARQIS advises Lafayette Mittelstand Capital on acquisition of Zerbst GmbH - ARQIS","isPartOf":{"@id":"https:\/\/www.arqis.com\/#website"},"datePublished":"2025-12-19T08:37:19+00:00","dateModified":"2025-12-19T13:50:40+00:00","description":"ARQIS provided comprehensive legal advice to the shareholder of Argentum Gruppe, the leading private equity firm Lafayette Mittelstand Capital, on the acquisition ...","breadcrumb":{"@id":"https:\/\/www.arqis.com\/news\/arqis-beraet-lafayette-mittelstand-capital-bei-uebernahme-der-zerbst-gmbh\/#breadcrumb"},"inLanguage":"en-US","potentialAction":[{"@type":"ReadAction","target":["https:\/\/www.arqis.com\/news\/arqis-beraet-lafayette-mittelstand-capital-bei-uebernahme-der-zerbst-gmbh\/"]}]},{"@type":"BreadcrumbList","@id":"https:\/\/www.arqis.com\/news\/arqis-beraet-lafayette-mittelstand-capital-bei-uebernahme-der-zerbst-gmbh\/#breadcrumb","itemListElement":[{"@type":"ListItem","position":1,"name":"Home","item":"https:\/\/www.arqis.com\/"},{"@type":"ListItem","position":2,"name":"News","item":"https:\/\/www.arqis.com\/en\/news\/"},{"@type":"ListItem","position":3,"name":"ARQIS ber\u00e4t Lafayette Mittelstand Capital bei \u00dcbernahme der Zerbst GmbH"}]},{"@type":"WebSite","@id":"https:\/\/www.arqis.com\/#website","url":"https:\/\/www.arqis.com\/","name":"ARQIS","description":"Law","potentialAction":[{"@type":"SearchAction","target":{"@type":"EntryPoint","urlTemplate":"https:\/\/www.arqis.com\/?s={search_term_string}"},"query-input":{"@type":"PropertyValueSpecification","valueRequired":true,"valueName":"search_term_string"}}],"inLanguage":"en-US"}]}},"_links":{"self":[{"href":"https:\/\/www.arqis.com\/en\/wp-json\/wp\/v2\/news\/41436","targetHints":{"allow":["GET"]}}],"collection":[{"href":"https:\/\/www.arqis.com\/en\/wp-json\/wp\/v2\/news"}],"about":[{"href":"https:\/\/www.arqis.com\/en\/wp-json\/wp\/v2\/types\/news"}],"wp:attachment":[{"href":"https:\/\/www.arqis.com\/en\/wp-json\/wp\/v2\/media?parent=41436"}],"wp:term":[{"taxonomy":"kategorie","embeddable":true,"href":"https:\/\/www.arqis.com\/en\/wp-json\/wp\/v2\/kategorie?post=41436"}],"curies":[{"name":"wp","href":"https:\/\/api.w.org\/{rel}","templated":true}]}}