{"id":33615,"date":"2023-07-05T12:09:10","date_gmt":"2023-07-05T10:09:10","guid":{"rendered":"https:\/\/www.arqis.com\/?post_type=news&#038;p=33615"},"modified":"2023-07-05T12:15:27","modified_gmt":"2023-07-05T10:15:27","slug":"andrea-panzer-heemeier-is-one-of-the-40-leading-hr-minds-2023","status":"publish","type":"news","link":"https:\/\/www.arqis.com\/en\/news\/andrea-panzer-heemeier-gehoert-zu-den-40-fuehrenden-hr-koepfen-2023\/","title":{"rendered":"Andrea Panzer-Heemeier is one of the 40 leading HR minds 2023"},"template":"","kategorie":[7,5],"class_list":["post-33615","news","type-news","status-publish","hentry","kategorie-auszeichnungen","kategorie-pressemitteilungen"],"acf":[],"yoast_head":"<!-- This site is optimized with the Yoast SEO plugin v27.4 - https:\/\/yoast.com\/product\/yoast-seo-wordpress\/ -->\n<title>Andrea Panzer-Heemeier geh\u00f6rt zu den 40 f\u00fchrenden HR-K\u00f6pfen 2023 - ARQIS<\/title>\n<meta name=\"description\" content=\"Dr. Andrea Panzer-Heemeier ist vom Personalmagazin der Haufe Group als einer der 40 f\u00fchrenden HR-K\u00f6pfe 2023 ausgezeichnet worden...\" \/>\n<meta name=\"robots\" content=\"index, follow, max-snippet:-1, max-image-preview:large, max-video-preview:-1\" \/>\n<link rel=\"canonical\" href=\"https:\/\/www.arqis.com\/en\/news\/andrea-panzer-heemeier-is-one-of-the-40-leading-hr-minds-2023\/\" \/>\n<meta property=\"og:locale\" content=\"en_US\" \/>\n<meta property=\"og:type\" content=\"article\" \/>\n<meta property=\"og:title\" content=\"Andrea Panzer-Heemeier geh\u00f6rt zu den 40 f\u00fchrenden HR-K\u00f6pfen 2023 - ARQIS\" \/>\n<meta property=\"og:description\" content=\"Dr. Andrea Panzer-Heemeier ist vom Personalmagazin der Haufe Group als einer der 40 f\u00fchrenden HR-K\u00f6pfe 2023 ausgezeichnet worden...\" \/>\n<meta property=\"og:url\" content=\"https:\/\/www.arqis.com\/en\/news\/andrea-panzer-heemeier-is-one-of-the-40-leading-hr-minds-2023\/\" \/>\n<meta property=\"og:site_name\" content=\"ARQIS\" \/>\n<meta property=\"article:modified_time\" content=\"2023-07-05T10:15:27+00:00\" \/>\n<meta name=\"twitter:card\" content=\"summary_large_image\" \/>\n<script type=\"application\/ld+json\" class=\"yoast-schema-graph\">{\"@context\":\"https:\\\/\\\/schema.org\",\"@graph\":[{\"@type\":\"WebPage\",\"@id\":\"https:\\\/\\\/www.arqis.com\\\/en\\\/news\\\/andrea-panzer-heemeier-is-one-of-the-40-leading-hr-minds-2023\\\/\",\"url\":\"https:\\\/\\\/www.arqis.com\\\/en\\\/news\\\/andrea-panzer-heemeier-is-one-of-the-40-leading-hr-minds-2023\\\/\",\"name\":\"Andrea Panzer-Heemeier geh\u00f6rt zu den 40 f\u00fchrenden HR-K\u00f6pfen 2023 - ARQIS\",\"isPartOf\":{\"@id\":\"https:\\\/\\\/www.arqis.com\\\/#website\"},\"datePublished\":\"2023-07-05T10:09:10+00:00\",\"dateModified\":\"2023-07-05T10:15:27+00:00\",\"description\":\"Dr. Andrea Panzer-Heemeier ist vom Personalmagazin der Haufe Group als einer der 40 f\u00fchrenden HR-K\u00f6pfe 2023 ausgezeichnet worden...\",\"breadcrumb\":{\"@id\":\"https:\\\/\\\/www.arqis.com\\\/en\\\/news\\\/andrea-panzer-heemeier-is-one-of-the-40-leading-hr-minds-2023\\\/#breadcrumb\"},\"inLanguage\":\"en-US\",\"potentialAction\":[{\"@type\":\"ReadAction\",\"target\":[\"https:\\\/\\\/www.arqis.com\\\/en\\\/news\\\/andrea-panzer-heemeier-is-one-of-the-40-leading-hr-minds-2023\\\/\"]}]},{\"@type\":\"BreadcrumbList\",\"@id\":\"https:\\\/\\\/www.arqis.com\\\/en\\\/news\\\/andrea-panzer-heemeier-is-one-of-the-40-leading-hr-minds-2023\\\/#breadcrumb\",\"itemListElement\":[{\"@type\":\"ListItem\",\"position\":1,\"name\":\"Home\",\"item\":\"https:\\\/\\\/www.arqis.com\\\/\"},{\"@type\":\"ListItem\",\"position\":2,\"name\":\"News\",\"item\":\"https:\\\/\\\/www.arqis.com\\\/en\\\/news\\\/\"},{\"@type\":\"ListItem\",\"position\":3,\"name\":\"Andrea Panzer-Heemeier geh\u00f6rt zu den 40 f\u00fchrenden HR-K\u00f6pfen 2023\"}]},{\"@type\":\"WebSite\",\"@id\":\"https:\\\/\\\/www.arqis.com\\\/#website\",\"url\":\"https:\\\/\\\/www.arqis.com\\\/\",\"name\":\"ARQIS\",\"description\":\"Law\",\"potentialAction\":[{\"@type\":\"SearchAction\",\"target\":{\"@type\":\"EntryPoint\",\"urlTemplate\":\"https:\\\/\\\/www.arqis.com\\\/?s={search_term_string}\"},\"query-input\":{\"@type\":\"PropertyValueSpecification\",\"valueRequired\":true,\"valueName\":\"search_term_string\"}}],\"inLanguage\":\"en-US\"}]}<\/script>\n<!-- \/ Yoast SEO plugin. -->","yoast_head_json":{"title":"Andrea Panzer-Heemeier is one of the 40 leading HR minds 2023 - ARQIS","description":"Dr Andrea Panzer-Heemeier has been named one of the 40 Leading HR Minds 2023 by the Haufe Group's Personalmagazin...","robots":{"index":"index","follow":"follow","max-snippet":"max-snippet:-1","max-image-preview":"max-image-preview:large","max-video-preview":"max-video-preview:-1"},"canonical":"https:\/\/www.arqis.com\/en\/news\/andrea-panzer-heemeier-is-one-of-the-40-leading-hr-minds-2023\/","og_locale":"en_US","og_type":"article","og_title":"Andrea Panzer-Heemeier geh\u00f6rt zu den 40 f\u00fchrenden HR-K\u00f6pfen 2023 - ARQIS","og_description":"Dr. Andrea Panzer-Heemeier ist vom Personalmagazin der Haufe Group als einer der 40 f\u00fchrenden HR-K\u00f6pfe 2023 ausgezeichnet worden...","og_url":"https:\/\/www.arqis.com\/en\/news\/andrea-panzer-heemeier-is-one-of-the-40-leading-hr-minds-2023\/","og_site_name":"ARQIS","article_modified_time":"2023-07-05T10:15:27+00:00","twitter_card":"summary_large_image","schema":{"@context":"https:\/\/schema.org","@graph":[{"@type":"WebPage","@id":"https:\/\/www.arqis.com\/en\/news\/andrea-panzer-heemeier-is-one-of-the-40-leading-hr-minds-2023\/","url":"https:\/\/www.arqis.com\/en\/news\/andrea-panzer-heemeier-is-one-of-the-40-leading-hr-minds-2023\/","name":"Andrea Panzer-Heemeier is one of the 40 leading HR minds 2023 - ARQIS","isPartOf":{"@id":"https:\/\/www.arqis.com\/#website"},"datePublished":"2023-07-05T10:09:10+00:00","dateModified":"2023-07-05T10:15:27+00:00","description":"Dr Andrea Panzer-Heemeier has been named one of the 40 Leading HR Minds 2023 by the Haufe Group's Personalmagazin...","breadcrumb":{"@id":"https:\/\/www.arqis.com\/en\/news\/andrea-panzer-heemeier-is-one-of-the-40-leading-hr-minds-2023\/#breadcrumb"},"inLanguage":"en-US","potentialAction":[{"@type":"ReadAction","target":["https:\/\/www.arqis.com\/en\/news\/andrea-panzer-heemeier-is-one-of-the-40-leading-hr-minds-2023\/"]}]},{"@type":"BreadcrumbList","@id":"https:\/\/www.arqis.com\/en\/news\/andrea-panzer-heemeier-is-one-of-the-40-leading-hr-minds-2023\/#breadcrumb","itemListElement":[{"@type":"ListItem","position":1,"name":"Home","item":"https:\/\/www.arqis.com\/"},{"@type":"ListItem","position":2,"name":"News","item":"https:\/\/www.arqis.com\/en\/news\/"},{"@type":"ListItem","position":3,"name":"Andrea Panzer-Heemeier geh\u00f6rt zu den 40 f\u00fchrenden HR-K\u00f6pfen 2023"}]},{"@type":"WebSite","@id":"https:\/\/www.arqis.com\/#website","url":"https:\/\/www.arqis.com\/","name":"ARQIS","description":"Law","potentialAction":[{"@type":"SearchAction","target":{"@type":"EntryPoint","urlTemplate":"https:\/\/www.arqis.com\/?s={search_term_string}"},"query-input":{"@type":"PropertyValueSpecification","valueRequired":true,"valueName":"search_term_string"}}],"inLanguage":"en-US"}]}},"_links":{"self":[{"href":"https:\/\/www.arqis.com\/en\/wp-json\/wp\/v2\/news\/33615","targetHints":{"allow":["GET"]}}],"collection":[{"href":"https:\/\/www.arqis.com\/en\/wp-json\/wp\/v2\/news"}],"about":[{"href":"https:\/\/www.arqis.com\/en\/wp-json\/wp\/v2\/types\/news"}],"wp:attachment":[{"href":"https:\/\/www.arqis.com\/en\/wp-json\/wp\/v2\/media?parent=33615"}],"wp:term":[{"taxonomy":"kategorie","embeddable":true,"href":"https:\/\/www.arqis.com\/en\/wp-json\/wp\/v2\/kategorie?post=33615"}],"curies":[{"name":"wp","href":"https:\/\/api.w.org\/{rel}","templated":true}]}}