{"id":41273,"date":"2025-11-17T12:41:40","date_gmt":"2025-11-17T11:41:40","guid":{"rendered":"https:\/\/www.arqis.com\/?post_type=blog&#038;p=41273"},"modified":"2026-04-24T12:22:50","modified_gmt":"2026-04-24T10:22:50","slug":"batteriespeicher-werden-privilegiert","status":"publish","type":"blog","link":"https:\/\/www.arqis.com\/en\/arqis-blog\/batteriespeicher-werden-privilegiert\/","title":{"rendered":"Batteriespeicher werden privilegiert"},"content":{"rendered":"<div id=\"header-block_5b6592f5f0f388c1fc516772a6221c4c\" class=\"header-block is-style-medium image-article\">\n    <section id=\"header\">\n        <div class=\"container\">\n            <div class=\"row position-relative\">\n                <div class=\"col-12 col-lg-8 main-head scrollreveal\">\n                                            <div class=\"topline\">\n                            Batteriespeicher werden privilegiert                        <\/div>\n                                        <h1 class=\"title\">Was die Neuregelung des \u00a7 35 BauGB f\u00fcr die Energiewende bedeutet<\/h1>\n                <\/div>\n                <div class=\"subnav\">\n                                            <div class=\"group-leader-image filter-none\">\n                            <style>\n\n                                .group-leader-image .d-desktop,\n                                .group-leader-image .d-tablet,\n                                .group-leader-image .d-mobile {\n                                    display: none;\n                                }\n                                @media(max-width: 767px) {\n                                    .group-leader-image .d-mobile {\n                                        display: block;\n                                    }\n                                }\n                                @media(min-width: 1200px) {\n                                    .group-leader-image .d-desktop {\n                                        display: block;\n                                    }\n                                }\n                                @media(min-width: 768px) and (max-width: 1199px) {\n                                    .group-leader-image .d-tablet {\n                                        display: block;\n                                    }\n                                }\n                            <\/style>\n                          <div class=\"d-desktop filter-none\" style=\"background-image: url(https:\/\/www.arqis.com\/wp-content\/uploads\/2026\/04\/etearq_blue_sky_ca1e4fe0-d68f-4bb5-afb7-c90f35943de3-aspect-ratio-440-349-1.png);\"><\/div>\n                          <div class=\"d-tablet filter-none\" style=\"background-image: url(https:\/\/www.arqis.com\/wp-content\/uploads\/2025\/11\/etearq_blue_sky_ca1e4fe0-d68f-4bb5-afb7-c90f35943de3-aspect-ratio-440-349-1.png);\"><\/div>\n                          <div class=\"d-mobile filter-none\" style=\"background-image: url(https:\/\/www.arqis.com\/wp-content\/uploads\/2025\/11\/etearq_blue_sky_ca1e4fe0-d68f-4bb5-afb7-c90f35943de3.png);\"><\/div>\n\n                        <\/div>\n                                        <div class=\"navpoints\">\n                        <div class=\"header\"><a href=\"#header\">Was die Neuregelung des \u00a7 35 BauGB f\u00fcr die Energiewende bedeutet<\/a><\/div>\n                        <div class=\"content\">Themen<\/div>\n                        <div class=\"contents\">\n\n                        <\/div>\n                    <\/div>\n                <\/div>\n            <\/div>\n        <\/div>\n\n        <section class=\"share-links\">\n        <div class=\"container\">\n            <div class=\"row\">\n                <div class=\"col-12\">\n                    <div class=\"d-inline-block share-text\"><!--<span><i class=\"fas fa-share-alt\"><\/i><\/span>-->Teilen:<\/div>\n                    <a href=\"https:\/\/www.facebook.com\/sharer.php?u=https%3A%2F%2Fwww.arqis.com%2Fen%2Farqis-blog%2Fbatteriespeicher-werden-privilegiert%2F\" class=\"d-inline-block p-2\" onclick=\"window.open(this.href, 'mywin', 'left=20,top=20,width=500,height=500,toolbar=1,resizable=0'); return false;\"><i class=\"fab fa-facebook\"><\/i><\/a>\n                    <a href=\"https:\/\/x.com\/intent\/post?text=https%3A%2F%2Fwww.arqis.com%2Fen%2Farqis-blog%2Fbatteriespeicher-werden-privilegiert%2F\" class=\"d-inline-block p-2\" onclick=\"window.open(this.href, 'mywin', 'left=20,top=20,width=500,height=500,toolbar=1,resizable=0'); return false;\"><i class=\"fab fa-twitter\"><\/i><\/a>\n                    <a href=\"https:\/\/www.linkedin.com\/sharing\/share-offsite\/?url=https%3A%2F%2Fwww.arqis.com%2Fen%2Farqis-blog%2Fbatteriespeicher-werden-privilegiert%2F\" class=\"d-inline-block p-2\" onclick=\"window.open(this.href, 'mywin', 'left=20,top=20,width=500,height=500,toolbar=1,resizable=0'); return false;\"><i class=\"fab fa-linkedin-in\"><\/i><\/a>\n                    <a href=\"https:\/\/www.xing.com\/spi\/shares\/new?url=https%3A%2F%2Fwww.arqis.com%2Fen%2Farqis-blog%2Fbatteriespeicher-werden-privilegiert%2F\" class=\"d-inline-block p-2\" onclick=\"window.open(this.href, 'mywin', 'left=20,top=20,width=500,height=500,toolbar=1,resizable=0'); return false;\"><i class=\"fab fa-xing\"><\/i><\/a>\n                <\/div>\n            <\/div>\n        <\/div>\n    <\/section>    <\/section>\n\n    <section>\n        <div class=\"container\">\n\n            <div class=\"row scrollreveal\">\n                <div class=\"col-12 offset-lg-1 col-lg-6\">\n                    <h3>\n                        17. November 2025                    <\/h3>\n                                                        <\/div>\n            <\/div>\n        <\/div>\n    <\/section>\n\n<\/div>\n\n\n\n<div id=\"txt01-block_fb43d9e2eaad6fb981ea52178f9e88c4\" class=\"txt01 is-style-medium zierelement-none acf\/txt01\" >\n    <section>\n        <div class=\"container position-relative\">\n\n                        <div class=\"row scrollreveal\">\n                <div class=\"col-12 col-lg-6 offset-lg-1\">\n                    <p>Am 12.11.2025 hat der Ausschuss f\u00fcr Wirtschaft und Energie der EnWG-Novelle in ver\u00e4nderter Form zugestimmt und dabei auch eine Reform des \u00a7 35 Abs. 1 BauGB beschlossen (Beschlussempfehlung: <a href=\"https:\/\/dserver.bundestag.de\/btd\/21\/027\/2102793.pdf\">here<\/a>). Der Bundestag hat das Gesetz in der Nacht zum 14.11.2025 direkt in der ver\u00e4nderten Fassung angenommen. Damit setzt der Bundestag einen wichtigen Impuls f\u00fcr den z\u00fcgigen Ausbau von Energiespeichern. Batteriespeicher ab einer Speicherkapazit\u00e4t von 1 MWh gelten k\u00fcnftig als privilegierte Vorhaben im Au\u00dfenbereich. Damit wird eine seit Jahren bestehende Rechtsunsicherheit beendet, die Genehmigungen verz\u00f6gerte und den Ausbau dringend ben\u00f6tigter Speicherkapazit\u00e4ten bremste.<\/p>\n                                                        <\/div>\n            <\/div>\n                    <\/div>\n    <\/section>\n<\/div>\n\n\n<div id=\"txt01-block_eb30a74641a1267645a2863ff5cae61e\" class=\"txt01 is-style-medium toc zierelement-none acf\/txt01\"  data-toctitle=\"I. Die Neuregelung des \u00a7 35 BauGB\">\n    <section>\n        <div class=\"container position-relative\">\n\n                            <div class=\"row scrollreveal\">\n                    <div class=\"col-12 col-lg-8 offset-lg-1\">\n                                                    <div class=\"topline\">\n                                I. Die Neuregelung des \u00a7 35 BauGB: Klare Privilegierung f\u00fcr Energiespeicher                            <\/div>\n                                                                    <\/div>\n                <\/div>\n                        <div class=\"row scrollreveal\">\n                <div class=\"col-12 col-lg-8 offset-lg-1\">\n                    <p>Mit der nun verabschiedeten Reform wird der \u00a7 35 Abs. 1 BauGB unter anderem um Nr. 11 erg\u00e4nzt, nach der im Au\u00dfenbereich ein Bauvorhaben privilegiert wird, wenn es<\/p>\n<p><em>\u201eder Speicherung von elektrischer Energie in einer Batteriespeicheranlage mit einer Speicherkapazit\u00e4t von mindestens 1 Megawattstunde dient.\u201c<\/em><\/p>\n<p>Damit erhalten diese Anlagen eine eindeutige Rechtsbasis: Sie sind im Au\u00dfenbereich grunds\u00e4tzlich zul\u00e4ssig, sofern die Erschlie\u00dfung gesichert ist und keine entgegenstehenden \u00f6ffentlichen Belange bestehen.<\/p>\n<p>Bemerkenswert ist dabei die bewusste Entscheidung des Gesetzgebers gegen zus\u00e4tzliche Standortvorgaben oder Fl\u00e4chenrestriktionen. Im Gegensatz zu z.B. privilegierten Solaranlagen im Au\u00dfenbereich sind Batteriespeicher nicht an bestimmte Orte wie den 200m-Streifen entlang von Autobahnen gebunden. Die neue Regelung schafft damit bundesweit einheitliche, praxistaugliche Rahmenbedingungen \u2013 ein erheblicher Fortschritt f\u00fcr die Projektplanung.<\/p>\n                                                        <\/div>\n            <\/div>\n                    <\/div>\n    <\/section>\n<\/div>\n\n\n<div id=\"txt01-block_11672304eb886d098672e8a9594f99f8\" class=\"txt01 is-style-medium toc zierelement-none acf\/txt01\"  data-toctitle=\"II. Rechtsunsicherheit und Flickenteppich\">\n    <section>\n        <div class=\"container position-relative\">\n\n                            <div class=\"row scrollreveal\">\n                    <div class=\"col-12 col-lg-8 offset-lg-1\">\n                                                    <div class=\"topline\">\n                                II. Rechtsunsicherheit und Flickenteppich: Warum die Neuregelung notwendig war                            <\/div>\n                                                                    <\/div>\n                <\/div>\n                        <div class=\"row scrollreveal\">\n                <div class=\"col-12 col-lg-8 offset-lg-1\">\n                    <p>Die bauplanungsrechtliche Einordnung von\u00a0Batteriespeichern nach \u00a7 35 BauGB\u00a0war bisher komplex. Bislang wurden Batteriespeicher regelm\u00e4\u00dfig unter \u00a7\u00a035 Abs.\u00a01 Nr.\u00a03 BauGB (\u201e<em>Anlagen, die der \u00f6ffentlichen Versorgung mit Elektrizit\u00e4t dienen<\/em>\u201c) eingeordnet. Doch fehlte eine eindeutige gesetzliche Grundlage \u2013 mit sp\u00fcrbaren Folgen:<\/p>\n<p>&nbsp;<\/p>\n<ol>\n<li>uneinheitliche Beh\u00f6rdenpraxis\u00a0zwischen den Bundesl\u00e4ndern,<\/li>\n<li>teils klare Vorgaben, Batteriespeicher nicht zu privilegieren,<\/li>\n<li>abgelehnte Bauvoranfragen\u00a0und stockende Projektentwicklungen.<\/li>\n<\/ol>\n<p>W\u00e4hrend in vielen Bundesl\u00e4ndern Batteriespeicher als privilegierte Vorhaben im Au\u00dfenbereich im Sinne des \u00a7 35 Abs. 1 Nr. 3 BauGB gelten, hatte z.B. in Sachsen-Anhalt das Ministerium f\u00fcr Infrastruktur und Digitales in einem Runderlass aus Januar 2025 die Privilegierung grunds\u00e4tzlich verneint, da Batteriespeicher weder der \u00f6ffentlichen Stromversorgung dienten noch ortsgebunden seien. Auch in Bayern haben die Landesbeh\u00f6rden mit neuen Vollzugshinweisen am 04.02.2025 entschieden, dass nur Batteriespeicher im Sinne von \u00a7\u00a7 11a, 11b EnWG privilegiert sein konnten. Das waren nur wenige Batteriespeicher, die entweder nach \u00a7\u00a011a EnWG ausgeschrieben werden oder nach \u00a7\u00a011b EnWG vom Netzbetreiber selbst betrieben werden.<\/p>\n<p>Die Beschlussempfehlung des Ausschusses f\u00fcr Wirtschaft und Energie (BT-Drs. 21\/2793, S.\u00a0188) best\u00e4tigt diese Problemlage ausdr\u00fccklich. Besonders das strenge Merkmal der\u00a0\u201eOrtsgebundenheit\u201c in \u00a7\u00a035 Abs. 1 Nr.\u00a03 BauGB f\u00fchrte zu erheblichen Vollzugsunsicherheiten. Nach h\u00f6chstrichterlicher Rechtsprechung musste hierf\u00fcr muss das Vorhaben nach seinem Gegenstand und seinem Wesen ausschlie\u00dflich an der fraglichen Stelle betrieben werden k\u00f6nnen (BVerwG, Urt. v. 16. 6. 1994, 4 C 20\/93, m.w.N.). Hier hatten Beh\u00f6rden einen sehr gro\u00dfen Spielraum, oft zum Nachteil von Entwicklern und Betreibern von Batteriespeichern Zahlreiche Projekte scheiterten daher allein daran, dass Beh\u00f6rden den Betrieb eines Speichers \u201eauch an anderen Orten\u201c f\u00fcr m\u00f6glich hielten. Der Ausschuss hebt deshalb hervor, dass die Privilegierung eingef\u00fchrt wurde, um \u201eein z\u00fcgiges bauplanungsrechtliches Verfahren\u201c zu erm\u00f6glichen und den Ausbau dringend ben\u00f6tigter Speicher zu beschleunigen, um so die \u201eStabilisierung und Entlastung des Stromnetzes zu f\u00f6rdern\u201c, da Batteriespeicher mit einer Speicherkapazit\u00e4t von \u00fcber 1 MWh nur im Au\u00dfenbereich m\u00f6glich sind. Denn hierzu stellte der Ausschuss ausdr\u00fccklich heraus, dass Batteriespeicher typischerweise:<\/p>\n<p>&nbsp;<\/p>\n<ol>\n<li>in der N\u00e4he von Umspannwerken oder Netzknotenpunkten\u00a0errichtet werden m\u00fcssen,<\/li>\n<li>gro\u00dfe, zusammenh\u00e4ngende Fl\u00e4chen\u00a0ben\u00f6tigen, die regelm\u00e4\u00dfig nur im Au\u00dfenbereich verf\u00fcgbar sind,<\/li>\n<li>f\u00fcr die\u00a0Stabilisierung des Stromnetzes\u00a0und die Integration erneuerbarer Energien unverzichtbar sind.<\/li>\n<\/ol>\n                                                        <\/div>\n            <\/div>\n                    <\/div>\n    <\/section>\n<\/div>\n\n\n<div id=\"txt01-block_34d4fbb50fb24bfb8cbb71c56cb1c31b\" class=\"txt01 is-style-medium toc zierelement-none acf\/txt01\"  data-toctitle=\"III. Welche Vorteile die Privilegierung konkret bringt\">\n    <section>\n        <div class=\"container position-relative\">\n\n                            <div class=\"row scrollreveal\">\n                    <div class=\"col-12 col-lg-8 offset-lg-1\">\n                                                    <div class=\"topline\">\n                                III. Welche Vorteile die Privilegierung konkret bringt                            <\/div>\n                                                                    <\/div>\n                <\/div>\n                        <div class=\"row scrollreveal\">\n                <div class=\"col-12 col-lg-8 offset-lg-1\">\n                    <p>Die Privilegierung f\u00fchrt zu deutlichen Vorteilen f\u00fcr Entwickler und Betreiber von Batteriespeichern:<\/p>\n<p>&nbsp;<\/p>\n<ol>\n<li>Deutliche Verbesserung der Planungssicherheit: Klare bundesweit einheitlichen Regelungen ersetzen regionale Unterschiede und reduzieren Auslegungsspielr\u00e4ume.<\/li>\n<li>Schnellere Genehmigungsverfahren: Privilegierte Vorhaben ben\u00f6tigen keinen (vorhabenbezogenen) Bebauungsplan \u2013 das senkt Kosten und beschleunigt Projekte.<\/li>\n<li>Standortklarheit durch technische N\u00e4he zu Netzknoten: Speicher k\u00f6nnen dort errichtet werden, wo sie netztechnisch sinnvoll sind: In unmittelbarer N\u00e4he zu Umspannwerken\u00a0und Einspeisepunkten.<\/li>\n<\/ol>\n<p>Entsprechend positiv sind auch die Reaktionen aus der Branche: So sieht der Bundesverband Solarwirtschaft eine zentrale H\u00fcrde f\u00fcr Batterie- und W\u00e4rmespeicher beseitigt. Und auch der Bundesverband Energiespeichersystem e.V. spricht vom Ende des \u201eregulatorischen Flickenteppichs\u201c und betont den Beitrag der Neuregelung zu einem resilienten Energiesystem.<\/p>\n                                                        <\/div>\n            <\/div>\n                    <\/div>\n    <\/section>\n<\/div>\n\n\n<div id=\"txt01-block_6fa3a5aecc07cb4e677f9593147af06f\" class=\"txt01 is-style-medium toc zierelement-none acf\/txt01\"  data-toctitle=\"Fazit\">\n    <section>\n        <div class=\"container position-relative\">\n\n                            <div class=\"row scrollreveal\">\n                    <div class=\"col-12 col-lg-8 offset-lg-1\">\n                                                    <div class=\"topline\">\n                                Fazit: Ein entscheidender Schritt f\u00fcr die Speicherbranche und die Energiewende                            <\/div>\n                                                                    <\/div>\n                <\/div>\n                        <div class=\"row scrollreveal\">\n                <div class=\"col-12 col-lg-8 offset-lg-1\">\n                    <p>Mit der Privilegierung von Batteriespeichern ab 1 MWh schafft der Gesetzgeber nach Jahren der Rechtsunsicherheit erstmal eine klare, bundesweit einheitliche Grundlage f\u00fcr eine schnellere Planung, Genehmigung und Errichtung von Batteriespeichern. F\u00fcr Entwickler und Betreiber von Batteriespeicher endet damit endlich der untragbare Zustand des st\u00e4ndigen Abwartens auf Entscheidungen der einzelnen Beh\u00f6rden, die je nach Bundesland und tats\u00e4chlicher Lage immer wieder anders ausgefallen ist.<\/p>\n<p>Damit wird ein klares Zeichen gesetzt: Batteriespeicher sind unverzichtbar f\u00fcr ein flexibles, sicheres und klimaneutrales Energiesystem.<\/p>\n<p>&nbsp;<\/p>\n<p><strong>Authors:<br \/>\n<\/strong><a href=\"https:\/\/www.arqis.com\/en\/team\/dr-bernhard-groehe\/\">Bernhard Gr\u00f6he<\/a>, <a href=\"https:\/\/www.arqis.com\/en\/team\/dr-friedrich-gebert\/\">Friedrich Gebert<\/a><\/p>\n                                                        <\/div>\n            <\/div>\n                    <\/div>\n    <\/section>\n<\/div>\n\n<div id=\"cta07-block_ce488188db8a3b298431802564340f25\" class=\"cta07 is-style-medium acf\/cta07\" >\n    <section class=\"scrollreveal\">\n        <div class=\"container\">\n            <div class=\"row\">\n                <div class=\"col-12 col-md-7\">\n                                            <h2 class=\"title hyphens\">How can we support you?<\/h2>\n                                        <div class=\"cta-description\">\n                        <p>If you have any questions, please feel free to mail us.<\/p>\n                    <\/div>\n                <\/div>\n                <div class=\"col-12 col-md-5 cta-align-down\">\n                                            <a href=\"mailto:regulatory@arqis.com\" class=\"button button--ghost\">Contact us<\/a>                                    <\/div>\n            <\/div>\n        <\/div>\n    <\/section>\n<\/div>","protected":false},"parent":0,"template":"","blogs":[324,338,325,336],"class_list":["post-41273","blog","type-blog","status-publish","hentry","blogs-big-law-boutique","blogs-esg","blogs-innovation-blog","blogs-regulatory"],"acf":[],"yoast_head":"<!-- This site is optimized with the Yoast SEO plugin v27.5 - https:\/\/yoast.com\/product\/yoast-seo-wordpress\/ -->\n<title>Batteriespeicher werden privilegiert - ARQIS<\/title>\n<meta name=\"description\" content=\"Am 12.11.2025 hat der Ausschuss f\u00fcr Wirtschaft und Energie der EnWG-Novelle in ver\u00e4nderter Form zugestimmt und dabei auch eine Reform ...\" \/>\n<meta name=\"robots\" content=\"index, follow, max-snippet:-1, max-image-preview:large, max-video-preview:-1\" \/>\n<link rel=\"canonical\" href=\"https:\/\/www.arqis.com\/en\/arqis-blog\/batteriespeicher-werden-privilegiert\/\" \/>\n<meta property=\"og:locale\" content=\"en_US\" \/>\n<meta property=\"og:type\" content=\"article\" \/>\n<meta property=\"og:title\" content=\"Batteriespeicher werden privilegiert - ARQIS\" \/>\n<meta property=\"og:description\" content=\"Am 12.11.2025 hat der Ausschuss f\u00fcr Wirtschaft und Energie der EnWG-Novelle in ver\u00e4nderter Form zugestimmt und dabei auch eine Reform ...\" \/>\n<meta property=\"og:url\" content=\"https:\/\/www.arqis.com\/en\/arqis-blog\/batteriespeicher-werden-privilegiert\/\" \/>\n<meta property=\"og:site_name\" content=\"ARQIS\" \/>\n<meta property=\"article:modified_time\" content=\"2026-04-24T10:22:50+00:00\" \/>\n<meta name=\"twitter:card\" content=\"summary_large_image\" \/>\n<meta name=\"twitter:label1\" content=\"Est. reading time\" \/>\n\t<meta name=\"twitter:data1\" content=\"4 minutes\" \/>\n<script type=\"application\/ld+json\" class=\"yoast-schema-graph\">{\"@context\":\"https:\\\/\\\/schema.org\",\"@graph\":[{\"@type\":\"WebPage\",\"@id\":\"https:\\\/\\\/www.arqis.com\\\/arqis-blog\\\/batteriespeicher-werden-privilegiert\\\/\",\"url\":\"https:\\\/\\\/www.arqis.com\\\/arqis-blog\\\/batteriespeicher-werden-privilegiert\\\/\",\"name\":\"Batteriespeicher werden privilegiert - ARQIS\",\"isPartOf\":{\"@id\":\"https:\\\/\\\/www.arqis.com\\\/#website\"},\"datePublished\":\"2025-11-17T11:41:40+00:00\",\"dateModified\":\"2026-04-24T10:22:50+00:00\",\"description\":\"Am 12.11.2025 hat der Ausschuss f\u00fcr Wirtschaft und Energie der EnWG-Novelle in ver\u00e4nderter Form zugestimmt und dabei auch eine Reform ...\",\"breadcrumb\":{\"@id\":\"https:\\\/\\\/www.arqis.com\\\/arqis-blog\\\/batteriespeicher-werden-privilegiert\\\/#breadcrumb\"},\"inLanguage\":\"en-US\",\"potentialAction\":[{\"@type\":\"ReadAction\",\"target\":[\"https:\\\/\\\/www.arqis.com\\\/arqis-blog\\\/batteriespeicher-werden-privilegiert\\\/\"]}]},{\"@type\":\"BreadcrumbList\",\"@id\":\"https:\\\/\\\/www.arqis.com\\\/arqis-blog\\\/batteriespeicher-werden-privilegiert\\\/#breadcrumb\",\"itemListElement\":[{\"@type\":\"ListItem\",\"position\":1,\"name\":\"Home\",\"item\":\"https:\\\/\\\/www.arqis.com\\\/\"},{\"@type\":\"ListItem\",\"position\":2,\"name\":\"Blog\",\"item\":\"https:\\\/\\\/www.arqis.com\\\/en\\\/arqis-blog\\\/\"},{\"@type\":\"ListItem\",\"position\":3,\"name\":\"Batteriespeicher werden privilegiert\"}]},{\"@type\":\"WebSite\",\"@id\":\"https:\\\/\\\/www.arqis.com\\\/#website\",\"url\":\"https:\\\/\\\/www.arqis.com\\\/\",\"name\":\"ARQIS\",\"description\":\"Law\",\"potentialAction\":[{\"@type\":\"SearchAction\",\"target\":{\"@type\":\"EntryPoint\",\"urlTemplate\":\"https:\\\/\\\/www.arqis.com\\\/?s={search_term_string}\"},\"query-input\":{\"@type\":\"PropertyValueSpecification\",\"valueRequired\":true,\"valueName\":\"search_term_string\"}}],\"inLanguage\":\"en-US\"}]}<\/script>\n<!-- \/ Yoast SEO plugin. -->","yoast_head_json":{"title":"Batteriespeicher werden privilegiert - ARQIS","description":"Am 12.11.2025 hat der Ausschuss f\u00fcr Wirtschaft und Energie der EnWG-Novelle in ver\u00e4nderter Form zugestimmt und dabei auch eine Reform ...","robots":{"index":"index","follow":"follow","max-snippet":"max-snippet:-1","max-image-preview":"max-image-preview:large","max-video-preview":"max-video-preview:-1"},"canonical":"https:\/\/www.arqis.com\/en\/arqis-blog\/batteriespeicher-werden-privilegiert\/","og_locale":"en_US","og_type":"article","og_title":"Batteriespeicher werden privilegiert - ARQIS","og_description":"Am 12.11.2025 hat der Ausschuss f\u00fcr Wirtschaft und Energie der EnWG-Novelle in ver\u00e4nderter Form zugestimmt und dabei auch eine Reform ...","og_url":"https:\/\/www.arqis.com\/en\/arqis-blog\/batteriespeicher-werden-privilegiert\/","og_site_name":"ARQIS","article_modified_time":"2026-04-24T10:22:50+00:00","twitter_card":"summary_large_image","twitter_misc":{"Est. reading time":"4 minutes"},"schema":{"@context":"https:\/\/schema.org","@graph":[{"@type":"WebPage","@id":"https:\/\/www.arqis.com\/arqis-blog\/batteriespeicher-werden-privilegiert\/","url":"https:\/\/www.arqis.com\/arqis-blog\/batteriespeicher-werden-privilegiert\/","name":"Batteriespeicher werden privilegiert - ARQIS","isPartOf":{"@id":"https:\/\/www.arqis.com\/#website"},"datePublished":"2025-11-17T11:41:40+00:00","dateModified":"2026-04-24T10:22:50+00:00","description":"Am 12.11.2025 hat der Ausschuss f\u00fcr Wirtschaft und Energie der EnWG-Novelle in ver\u00e4nderter Form zugestimmt und dabei auch eine Reform ...","breadcrumb":{"@id":"https:\/\/www.arqis.com\/arqis-blog\/batteriespeicher-werden-privilegiert\/#breadcrumb"},"inLanguage":"en-US","potentialAction":[{"@type":"ReadAction","target":["https:\/\/www.arqis.com\/arqis-blog\/batteriespeicher-werden-privilegiert\/"]}]},{"@type":"BreadcrumbList","@id":"https:\/\/www.arqis.com\/arqis-blog\/batteriespeicher-werden-privilegiert\/#breadcrumb","itemListElement":[{"@type":"ListItem","position":1,"name":"Home","item":"https:\/\/www.arqis.com\/"},{"@type":"ListItem","position":2,"name":"Blog","item":"https:\/\/www.arqis.com\/en\/arqis-blog\/"},{"@type":"ListItem","position":3,"name":"Batteriespeicher werden privilegiert"}]},{"@type":"WebSite","@id":"https:\/\/www.arqis.com\/#website","url":"https:\/\/www.arqis.com\/","name":"ARQIS","description":"Law","potentialAction":[{"@type":"SearchAction","target":{"@type":"EntryPoint","urlTemplate":"https:\/\/www.arqis.com\/?s={search_term_string}"},"query-input":{"@type":"PropertyValueSpecification","valueRequired":true,"valueName":"search_term_string"}}],"inLanguage":"en-US"}]}},"_links":{"self":[{"href":"https:\/\/www.arqis.com\/en\/wp-json\/wp\/v2\/blog\/41273","targetHints":{"allow":["GET"]}}],"collection":[{"href":"https:\/\/www.arqis.com\/en\/wp-json\/wp\/v2\/blog"}],"about":[{"href":"https:\/\/www.arqis.com\/en\/wp-json\/wp\/v2\/types\/blog"}],"wp:attachment":[{"href":"https:\/\/www.arqis.com\/en\/wp-json\/wp\/v2\/media?parent=41273"}],"wp:term":[{"taxonomy":"blogs","embeddable":true,"href":"https:\/\/www.arqis.com\/en\/wp-json\/wp\/v2\/blogs?post=41273"}],"curies":[{"name":"wp","href":"https:\/\/api.w.org\/{rel}","templated":true}]}}