{"id":40756,"date":"2025-06-25T11:20:44","date_gmt":"2025-06-25T09:20:44","guid":{"rendered":"https:\/\/www.arqis.com\/?post_type=blog&#038;p=40756"},"modified":"2025-06-25T11:42:04","modified_gmt":"2025-06-25T09:42:04","slug":"vertikale-floating-pv-anlagen","status":"publish","type":"blog","link":"https:\/\/www.arqis.com\/en\/arqis-blog\/vertikale-floating-pv-anlagen\/","title":{"rendered":"Vertikale Floating-PV-Anlagen"},"content":{"rendered":"<div id=\"header-block_0875c82ccd9eca36c665929e42f8558b\" class=\"header-block is-style-medium image-article\">\n    <section id=\"header\">\n        <div class=\"container\">\n            <div class=\"row position-relative\">\n                <div class=\"col-12 col-lg-8 main-head scrollreveal\">\n                                            <div class=\"topline\">\n                            Neue Wege der Solarenergie                        <\/div>\n                                        <h1 class=\"title\">Vertikale Floating-Photovoltaik-Anlagen <\/h1>\n                <\/div>\n                <div class=\"subnav\">\n                                            <div class=\"group-leader-image filter-none\">\n                            <style>\n\n                                .group-leader-image .d-desktop,\n                                .group-leader-image .d-tablet,\n                                .group-leader-image .d-mobile {\n                                    display: none;\n                                }\n                                @media(max-width: 767px) {\n                                    .group-leader-image .d-mobile {\n                                        display: block;\n                                    }\n                                }\n                                @media(min-width: 1200px) {\n                                    .group-leader-image .d-desktop {\n                                        display: block;\n                                    }\n                                }\n                                @media(min-width: 768px) and (max-width: 1199px) {\n                                    .group-leader-image .d-tablet {\n                                        display: block;\n                                    }\n                                }\n                            <\/style>\n                          <div class=\"d-desktop filter-none\" style=\"background-image: url(https:\/\/www.arqis.com\/wp-content\/uploads\/2025\/06\/250625_Blogbeitrag_Regulatory-5-aspect-ratio-440-349.png);\"><\/div>\n                          <div class=\"d-tablet filter-none\" style=\"background-image: url(https:\/\/www.arqis.com\/wp-content\/uploads\/2025\/06\/250625_Blogbeitrag_Regulatory-5-aspect-ratio-440-349-1.png);\"><\/div>\n                          <div class=\"d-mobile filter-none\" style=\"background-image: url(https:\/\/www.arqis.com\/wp-content\/uploads\/2025\/06\/250625_Blogbeitrag_Regulatory-5.png);\"><\/div>\n\n                        <\/div>\n                                        <div class=\"navpoints\">\n                        <div class=\"header\"><a href=\"#header\">Vertikale Floating-Photovoltaik-Anlagen <\/a><\/div>\n                        <div class=\"content\">Themen<\/div>\n                        <div class=\"contents\">\n\n                        <\/div>\n                    <\/div>\n                <\/div>\n            <\/div>\n        <\/div>\n\n        <section class=\"share-links\">\n        <div class=\"container\">\n            <div class=\"row\">\n                <div class=\"col-12\">\n                    <div class=\"d-inline-block share-text\"><!--<span><i class=\"fas fa-share-alt\"><\/i><\/span>-->Teilen:<\/div>\n                    <a href=\"https:\/\/www.facebook.com\/sharer.php?u=https%3A%2F%2Fwww.arqis.com%2Fen%2Farqis-blog%2Fvertikale-floating-pv-anlagen%2F\" class=\"d-inline-block p-2\" onclick=\"window.open(this.href, 'mywin', 'left=20,top=20,width=500,height=500,toolbar=1,resizable=0'); return false;\"><i class=\"fab fa-facebook\"><\/i><\/a>\n                    <a href=\"https:\/\/x.com\/intent\/post?text=https%3A%2F%2Fwww.arqis.com%2Fen%2Farqis-blog%2Fvertikale-floating-pv-anlagen%2F\" class=\"d-inline-block p-2\" onclick=\"window.open(this.href, 'mywin', 'left=20,top=20,width=500,height=500,toolbar=1,resizable=0'); return false;\"><i class=\"fab fa-twitter\"><\/i><\/a>\n                    <a href=\"https:\/\/www.linkedin.com\/sharing\/share-offsite\/?url=https%3A%2F%2Fwww.arqis.com%2Fen%2Farqis-blog%2Fvertikale-floating-pv-anlagen%2F\" class=\"d-inline-block p-2\" onclick=\"window.open(this.href, 'mywin', 'left=20,top=20,width=500,height=500,toolbar=1,resizable=0'); return false;\"><i class=\"fab fa-linkedin-in\"><\/i><\/a>\n                    <a href=\"https:\/\/www.xing.com\/spi\/shares\/new?url=https%3A%2F%2Fwww.arqis.com%2Fen%2Farqis-blog%2Fvertikale-floating-pv-anlagen%2F\" class=\"d-inline-block p-2\" onclick=\"window.open(this.href, 'mywin', 'left=20,top=20,width=500,height=500,toolbar=1,resizable=0'); return false;\"><i class=\"fab fa-xing\"><\/i><\/a>\n                <\/div>\n            <\/div>\n        <\/div>\n    <\/section>    <\/section>\n\n    <section>\n        <div class=\"container\">\n\n            <div class=\"row scrollreveal\">\n                <div class=\"col-12 offset-lg-1 col-lg-6\">\n                    <h3>\n                        25. June 2025                    <\/h3>\n                                                                <div class=\"description\"><h3><strong>Rechtliche Bewertung der Fl\u00e4chenbedeckung nach \u00a7\u00a036 Abs.\u00a03 Nr.\u00a02 lit.\u00a0a WHG<\/strong><\/h3>\n<\/div>\n                                    <\/div>\n            <\/div>\n        <\/div>\n    <\/section>\n\n<\/div>\n\n\n\n<div id=\"txt01-block_a37f75cb911af9ea1d8644a298aa7fff\" class=\"txt01 is-style-medium zierelement-none acf\/txt01\" >\n    <section>\n        <div class=\"container position-relative\">\n\n                        <div class=\"row scrollreveal\">\n                <div class=\"col-12 col-lg-8 offset-lg-1\">\n                    <p>Die Nutzung von Wasserfl\u00e4chen zur Stromerzeugung durch Floating-Photovoltaik-Anlagen (Floating-PV-Anlagen) gewinnt zunehmend an Bedeutung \u2013 insbesondere vor dem Hintergrund der ambitionierten Ausbauziele f\u00fcr erneuerbare Energien. \u00dcblicherweise werden diese horizontal, als liegende, schwimmende PV-Anlagen installiert. Eine neue und innovative Variante dieser Technologie sind vertikal installierte Floating-PV-Anlagen. Sie haben einen gro\u00dfen rechtlichen Vorteil: durch eine reduzierte Fl\u00e4cheninanspruchnahme des Gew\u00e4ssers kann viel mehr Leistung installiert werde.<\/p>\n<p>Zum Schutz der \u00f6kologischen Funktionsf\u00e4higkeit der Gew\u00e4sser ist im WHG geregelt, dass Solaranlagen nur in und \u00fcber k\u00fcnstlichen oder erheblich ver\u00e4nderten Gew\u00e4ssern zul\u00e4ssig sind. Sie sind allerdings unzul\u00e4ssig, wenn sie mehr als <u>15\u00a0% der Gew\u00e4sserfl\u00e4che<\/u> bedecken und der Abstand zum Ufer weniger als 40\u00a0Meter betr\u00e4gt. Die vertikale Anlagentechnik bringt daher neue rechtliche Fragen mit sich \u2013 insbesondere im Hinblick auf \u00a7\u00a036\u00a0Abs.\u00a03\u00a0Nr.\u00a02\u00a0lit.\u00a0a des Wasserhaushaltsgesetzes (WHG). Denn die Vorschrift regelt nicht, welcher Ma\u00dfstab bei der Berechnung der bedeckten Fl\u00e4che zu Grunde zu legen ist. Eine allgemeing\u00fcltige, festsehende Definition, was unter <em>\u201ebedecken\u201c <\/em>im Sinne des \u00a7\u00a036\u00a0Abs.\u00a03\u00a0Nr.\u00a02\u00a0lit.\u00a0a\u00a0WHG zu verstehen ist, ist bislang auch nicht im Rahmen von beh\u00f6rdlichen oder gerichtlichen Entscheidungen gekl\u00e4rt worden, die Orientierung bieten k\u00f6nnten.<\/p>\n<p>Bei horizontalen PV-Anlagen ist die bedeckte Fl\u00e4che naturgem\u00e4\u00df die Projektfl\u00e4che der gesamten Anlage, da die Module auf der Oberfl\u00e4che liegen und die Anlagenfl\u00e4che der Wasserkontaktfl\u00e4che entspricht. Fraglich ist, welcher Ma\u00dfstab bei vertikal installierten PV-Anlagen zur Ermittlung der bedeckten Fl\u00e4che anzusetzen ist. M\u00f6gliche Berechnungsgrundlage k\u00f6nnte die gesamte Projektfl\u00e4che sein. Es spricht aber sowohl in rechtlicher als auch in \u00f6kologischer Hinsicht Einiges daf\u00fcr, nur die tats\u00e4chliche Wasserkontaktfl\u00e4che der Anlage als Berechnungsma\u00dfstab heranzuziehen.<\/p>\n                                                        <\/div>\n            <\/div>\n                    <\/div>\n    <\/section>\n<\/div>\n\n\n<div id=\"txt01-block_09b34e2a48051eff121f314f64d6ebd7\" class=\"txt01 is-style-medium toc zierelement-none acf\/txt01\"  data-toctitle=\"Schutzzweck des \u00a7 36 Abs. 3 Nr. 2 lit. a WHG\">\n    <section>\n        <div class=\"container position-relative\">\n\n                            <div class=\"row scrollreveal\">\n                    <div class=\"col-12 col-lg-8 offset-lg-1\">\n                                                    <div class=\"topline\">\n                                Schutzzweck des \u00a7 36 Abs. 3 Nr. 2 lit. a WHG                            <\/div>\n                                                                    <\/div>\n                <\/div>\n                        <div class=\"row scrollreveal\">\n                <div class=\"col-12 col-lg-8 offset-lg-1\">\n                    <p>Der Zweck von \u00a7\u00a036\u00a0Abs.\u00a03\u00a0Nr.\u00a02\u00a0lit.\u00a0a\u00a0WHG besteht in der Verringerung gew\u00e4sser\u00f6kologischer Beeintr\u00e4chtigungen durch Floating-PV-Anlagen (BT-Drs.\u00a020\/1630, S.\u00a0252\u00a0f.). Hierzu z\u00e4hlen insbesondere Beeintr\u00e4chtigungen durch reduzierte Lichteinstrahlung, Beeintr\u00e4chtigungen der Sauerstoffzufuhr sowie die Versiegelung der Wasseroberfl\u00e4che. Bei vertikalen Floating-PV-Anlagen ist die tats\u00e4chliche Wasserbedeckung durch direkten Kontakt \u00e4u\u00dferst gering. Die unmittelbare Kontaktfl\u00e4che mit dem Wasser ist auf die Modulunterkante beschr\u00e4nkt. Zwischen den aufrecht montierten Modulen besteht zudem regelm\u00e4\u00dfig ein gr\u00f6\u00dferer Abstand von mehreren Metern. Vertikale PV-Anlagen wirken sich daher weitaus geringer auf das \u00f6kologische Gleichgewicht des Gew\u00e4ssers aus. Aufgrund ihrer offenen Bauweise lassen vertikale Floating-PV-Anlagen deutlich mehr Licht und Luft an die Wasseroberfl\u00e4che als herk\u00f6mmliche, horizontal installierte Anlagen. Auch aus diesem Grund werden im Rahmen eines Forschungsprojekts des Bundesamtes f\u00fcr Naturschutz derartige neue technische L\u00f6sungen, die verst\u00e4rkt auf eine vertikale Raumnutzung und damit eine geringere Beeintr\u00e4chtigung der Wasseroberfl\u00e4che bei h\u00f6herer Gesamtleistung setzen, bef\u00fcrwortet. Ausgehend von Wortlaut und Zweck des \u00a7\u00a036\u00a0Abs.\u00a03\u00a0Nr.\u00a02\u00a0lit.\u00a0a\u00a0WHG ist davon auszugehen, dass f\u00fcr vertikale Floating-PV-Anlagen allein die tats\u00e4chliche Bedeckung bei Berechnung der bedeckten Wasserfl\u00e4che ma\u00dfgeblich ist.<\/p>\n                                                        <\/div>\n            <\/div>\n                    <\/div>\n    <\/section>\n<\/div>\n\n\n<div id=\"txt01-block_a34ccc16c4050fa18e6bff0da3ab358b\" class=\"txt01 is-style-medium toc zierelement-none acf\/txt01\"  data-toctitle=\"Vergleich anderer rechtlicher Vorgaben der Fl\u00e4chenbedeckung\">\n    <section>\n        <div class=\"container position-relative\">\n\n                            <div class=\"row scrollreveal\">\n                    <div class=\"col-12 col-lg-8 offset-lg-1\">\n                                                    <div class=\"topline\">\n                                Vergleich anderer rechtlicher Vorgaben der Fl\u00e4chenbedeckung                            <\/div>\n                                                                    <\/div>\n                <\/div>\n                        <div class=\"row scrollreveal\">\n                <div class=\"col-12 col-lg-8 offset-lg-1\">\n                    <p>Auch andere rechtliche Reglungen unterst\u00fctzen dieses Verst\u00e4ndnis. So stellt etwa \u00a7\u00a019\u00a0Abs.\u00a02\u00a0BauNVO nach \u00fcberwiegender Auffassung f\u00fcr die Ermittlung der Grundfl\u00e4che auf die tats\u00e4chlich \u00fcberbauten Fl\u00e4chen ab, ohne Zwischenr\u00e4ume oder potenzielle Funktionsfl\u00e4chen in die Berechnung einzubeziehen. Schutzzweck ist hier die Begrenzung der Bodenversiegelung \u2013 ein Gedanke, der auch auf die Schutzfunktion von \u00a7\u00a036 Abs.\u00a03 Nr.\u00a02 lit.\u00a0a WHG \u00fcbertragen werden kann. Entscheidend ist demnach die tats\u00e4chliche physische Inanspruchnahme der Fl\u00e4che durch die bauliche Anlage selbst \u2013\u00a0nicht deren potenzielle Ausdehnung, der Bewegungsraum oder die gesamte Projektfl\u00e4che. Auch der Umstand, dass sich die Module durch Windbewegung in ihrer Ausrichtung \u00e4ndern k\u00f6nnen, indem sie mitschwingen, f\u00fchrt nicht zu einer anderen Bewertung. Eine dauerhafte Bedeckung der Wasseroberfl\u00e4che ist damit nicht verbunden. Das Bundesverwaltungsgericht hat klargestellt, dass etwa der Schattenwurf rotierender Windenergieanlagen bei der Bemessung der Grundfl\u00e4che au\u00dfer Betracht bleibt (BVerwG, Urt. v. 21.10.2004, 4 C 3\/04). Dieser Gedanke l\u00e4sst sich auch auf vertikale Floating-PV-Anlagen \u00fcbertragen.<\/p>\n                                                        <\/div>\n            <\/div>\n                    <\/div>\n    <\/section>\n<\/div>\n\n\n<div id=\"txt01-block_b989c1a6c9f19944e2c37bd239a42f7f\" class=\"txt01 is-style-medium toc zierelement-none acf\/txt01\"  data-toctitle=\"\u00a7 2 EEG als Auslegungsma\u00dfstab\">\n    <section>\n        <div class=\"container position-relative\">\n\n                            <div class=\"row scrollreveal\">\n                    <div class=\"col-12 col-lg-8 offset-lg-1\">\n                                                    <div class=\"topline\">\n                                \u00a7 2 EEG als Auslegungsma\u00dfstab                            <\/div>\n                                                                    <\/div>\n                <\/div>\n                        <div class=\"row scrollreveal\">\n                <div class=\"col-12 col-lg-8 offset-lg-1\">\n                    <p>Insbesondere im Lichte des Erneuerbare-Energien-Gesetzes (EEG) spricht Vieles daf\u00fcr, die Zul\u00e4ssigkeit vertikaler Floating-PV-Anlagen nach \u00a7\u00a036 Abs.\u00a03 Nr.\u00a02 lit.\u00a0a WHG von der tats\u00e4chlichen Kontaktfl\u00e4che der Anlage abh\u00e4ngig zu machen. Nach \u00a7\u00a02\u00a0EEG liegen die Errichtung und der Betrieb von EE-Anlagen im \u00fcberragenden \u00f6ffentlichen Interesse. Sie sind daher als vorrangiger Belang in die Schutzg\u00fcterabw\u00e4gungen einzubringen. Die Kontaktfl\u00e4che bei vertikalen Floating-PV-Anlagen minimiert die Beeintr\u00e4chtigung des \u00f6kologischen Wasserhaushalts bei gleicher Modulanzahl wesentlich. Dadurch ist auch der Einsatz von mehr Modulen auf dem Wasser bei geringeren Auswirkungen m\u00f6glich. Vertikale Floating-PV-Anlagen entsprechen daher dem Ziel des \u00a7\u00a02\u00a0EEG in besonderem Ma\u00dfe. Denn bei gleichbleibender Beeintr\u00e4chtigung \u2013 n\u00e4mlich 15\u00a0% bedeckter Fl\u00e4che gemessen an der tats\u00e4chlichen Kontaktfl\u00e4che der einzelnen Module \u2013 k\u00f6nnte durch den Einsatz von mehr Modulen eine sehr viel h\u00f6here Leistung erzielt und somit ein wesentlicher Beitrag in Richtung Treibhausgasneutralit\u00e4t geleistet werden. Hinzu kommt, dass die vertikal installierten Anlagen so ausgerichtet sind, dass sie beim Sonnenh\u00f6chststand zur Mittagszeit und damit einhergehenden PV-Produktions\u00fcberschuss keine Energie erzeugen. Damit leisten sie auch einen Beitrag zur Flexibilit\u00e4t erneuerbarer Energien.<\/p>\n                                                        <\/div>\n            <\/div>\n                    <\/div>\n    <\/section>\n<\/div>\n\n\n<div id=\"txt01-block_909e2df29eaf3a0f387a35b622c6fbaa\" class=\"txt01 is-style-medium toc zierelement-none acf\/txt01\"  data-toctitle=\"Fazit \">\n    <section>\n        <div class=\"container position-relative\">\n\n                            <div class=\"row scrollreveal\">\n                    <div class=\"col-12 col-lg-8 offset-lg-1\">\n                                                    <div class=\"topline\">\n                                Conclusion                             <\/div>\n                                                                    <\/div>\n                <\/div>\n                        <div class=\"row scrollreveal\">\n                <div class=\"col-12 col-lg-8 offset-lg-1\">\n                    <p>Vertikale Floating-PV-Anlagen stellen eine innovative und umweltschonende Alternative zu horizontalen Floating-PV-Anlagen dar. Da sie die Wasserfl\u00e4che nur in geringem Umfang in Anspruch nehmen, denn die Wasserfl\u00e4che zwischen den Modulen bleibt frei, stehen sie dem Schutzzweck des \u00a7\u00a036 Abs.\u00a03 Nr.\u00a02 lit.\u00a0a WHG auch dann nicht entgegen, wenn die gesamte Projektfl\u00e4che die 15\u00a0%-Grenze \u00fcbersteigt. Denn die systematische und teleologische Auslegung der Vorschrift spricht daf\u00fcr, dass bei der Ermittlung der 15\u00a0%-Grenze nur die tats\u00e4chlich bedeckte Fl\u00e4che zugrunde zu legen ist. Freie Wasserfl\u00e4chen innerhalb der Anlage sind nicht als bedeckte Fl\u00e4che mit einzuberechnen. Die Kombination aus fl\u00e4chenschonender Bauweise, geringer \u00f6kologischer Belastung und hoher energiewirtschaftlicher Effizienz macht vertikale Floating-PV-Anlagen insgesamt zu einer sehr vielversprechenden, zukunftsf\u00e4higen Technologie im Rahmen der Energiewende.<\/p>\n<p>&nbsp;<\/p>\n<p><strong>Authors:<br \/>\n<\/strong><a href=\"https:\/\/www.arqis.com\/en\/team\/dr-friedrich-gebert\/\">Friedrich Gebert<\/a>, <a href=\"https:\/\/www.arqis.com\/en\/team\/hannah-duewel\/\">Hannah D\u00fcwel<\/a> and <a href=\"https:\/\/www.arqis.com\/en\/team\/clara-schmidt\/\">Clara Schmidt<\/a><\/p>\n                                                        <\/div>\n            <\/div>\n                    <\/div>\n    <\/section>\n<\/div>\n\n<div id=\"cta07-block_42629bcea641258342eb7e4d18eb8209\" class=\"cta07 acf\/cta07\" >\n    <section class=\"scrollreveal\">\n        <div class=\"container\">\n            <div class=\"row\">\n                <div class=\"col-12 col-md-7\">\n                                            <h2 class=\"title hyphens\">How can we support you?<\/h2>\n                                        <div class=\"cta-description\">\n                        <p>If you have any questions, please feel free to mail us.<\/p>\n                    <\/div>\n                <\/div>\n                <div class=\"col-12 col-md-5 cta-align-down\">\n                                            <a href=\"mailto:regulatory@arqis.com\" class=\"button button--ghost\">Contact us<\/a>                                    <\/div>\n            <\/div>\n        <\/div>\n    <\/section>\n<\/div>","protected":false},"parent":0,"template":"","blogs":[324,338,325,336],"class_list":["post-40756","blog","type-blog","status-publish","hentry","blogs-big-law-boutique","blogs-esg","blogs-innovation-blog","blogs-regulatory"],"acf":[],"yoast_head":"<!-- This site is optimized with the Yoast SEO plugin v27.5 - https:\/\/yoast.com\/product\/yoast-seo-wordpress\/ -->\n<title>Vertikale Floating-PV-Anlagen - ARQIS<\/title>\n<meta name=\"description\" content=\"Die Nutzung von Wasserfl\u00e4chen zur Stromerzeugung durch Floating-Photovoltaik-Anlagen (Floating-PV-Anlagen) gewinnt zunehmend an Bedeutung...\" \/>\n<meta name=\"robots\" content=\"index, follow, max-snippet:-1, max-image-preview:large, max-video-preview:-1\" \/>\n<link rel=\"canonical\" href=\"https:\/\/www.arqis.com\/en\/arqis-blog\/vertikale-floating-pv-anlagen\/\" \/>\n<meta property=\"og:locale\" content=\"en_US\" \/>\n<meta property=\"og:type\" content=\"article\" \/>\n<meta property=\"og:title\" content=\"Vertikale Floating-PV-Anlagen - ARQIS\" \/>\n<meta property=\"og:description\" content=\"Die Nutzung von Wasserfl\u00e4chen zur Stromerzeugung durch Floating-Photovoltaik-Anlagen (Floating-PV-Anlagen) gewinnt zunehmend an Bedeutung \u2013 insbesondere vor dem Hintergrund der ambitionierten Ausbauziele f\u00fcr erneuerbare Energien ...\" \/>\n<meta property=\"og:url\" content=\"https:\/\/www.arqis.com\/en\/arqis-blog\/vertikale-floating-pv-anlagen\/\" \/>\n<meta property=\"og:site_name\" content=\"ARQIS\" \/>\n<meta property=\"article:modified_time\" content=\"2025-06-25T09:42:04+00:00\" \/>\n<meta property=\"og:image\" content=\"https:\/\/www.arqis.com\/wp-content\/uploads\/2025\/06\/250625_Blogbeitrag_Regulatory-5-1024x1024.png\" \/>\n\t<meta property=\"og:image:width\" content=\"1024\" \/>\n\t<meta property=\"og:image:height\" content=\"1024\" \/>\n\t<meta property=\"og:image:type\" content=\"image\/png\" \/>\n<meta name=\"twitter:card\" content=\"summary_large_image\" \/>\n<meta name=\"twitter:label1\" content=\"Est. reading time\" \/>\n\t<meta name=\"twitter:data1\" content=\"5 minutes\" \/>\n<script type=\"application\/ld+json\" class=\"yoast-schema-graph\">{\"@context\":\"https:\\\/\\\/schema.org\",\"@graph\":[{\"@type\":\"WebPage\",\"@id\":\"https:\\\/\\\/www.arqis.com\\\/arqis-blog\\\/vertikale-floating-pv-anlagen\\\/\",\"url\":\"https:\\\/\\\/www.arqis.com\\\/arqis-blog\\\/vertikale-floating-pv-anlagen\\\/\",\"name\":\"Vertikale Floating-PV-Anlagen - ARQIS\",\"isPartOf\":{\"@id\":\"https:\\\/\\\/www.arqis.com\\\/#website\"},\"datePublished\":\"2025-06-25T09:20:44+00:00\",\"dateModified\":\"2025-06-25T09:42:04+00:00\",\"description\":\"Die Nutzung von Wasserfl\u00e4chen zur Stromerzeugung durch Floating-Photovoltaik-Anlagen (Floating-PV-Anlagen) gewinnt zunehmend an Bedeutung...\",\"breadcrumb\":{\"@id\":\"https:\\\/\\\/www.arqis.com\\\/arqis-blog\\\/vertikale-floating-pv-anlagen\\\/#breadcrumb\"},\"inLanguage\":\"en-US\",\"potentialAction\":[{\"@type\":\"ReadAction\",\"target\":[\"https:\\\/\\\/www.arqis.com\\\/arqis-blog\\\/vertikale-floating-pv-anlagen\\\/\"]}]},{\"@type\":\"BreadcrumbList\",\"@id\":\"https:\\\/\\\/www.arqis.com\\\/arqis-blog\\\/vertikale-floating-pv-anlagen\\\/#breadcrumb\",\"itemListElement\":[{\"@type\":\"ListItem\",\"position\":1,\"name\":\"Home\",\"item\":\"https:\\\/\\\/www.arqis.com\\\/\"},{\"@type\":\"ListItem\",\"position\":2,\"name\":\"Blog\",\"item\":\"https:\\\/\\\/www.arqis.com\\\/en\\\/arqis-blog\\\/\"},{\"@type\":\"ListItem\",\"position\":3,\"name\":\"Vertikale Floating-PV-Anlagen\"}]},{\"@type\":\"WebSite\",\"@id\":\"https:\\\/\\\/www.arqis.com\\\/#website\",\"url\":\"https:\\\/\\\/www.arqis.com\\\/\",\"name\":\"ARQIS\",\"description\":\"Law\",\"potentialAction\":[{\"@type\":\"SearchAction\",\"target\":{\"@type\":\"EntryPoint\",\"urlTemplate\":\"https:\\\/\\\/www.arqis.com\\\/?s={search_term_string}\"},\"query-input\":{\"@type\":\"PropertyValueSpecification\",\"valueRequired\":true,\"valueName\":\"search_term_string\"}}],\"inLanguage\":\"en-US\"}]}<\/script>\n<!-- \/ Yoast SEO plugin. -->","yoast_head_json":{"title":"Vertikale Floating-PV-Anlagen - ARQIS","description":"Die Nutzung von Wasserfl\u00e4chen zur Stromerzeugung durch Floating-Photovoltaik-Anlagen (Floating-PV-Anlagen) gewinnt zunehmend an Bedeutung...","robots":{"index":"index","follow":"follow","max-snippet":"max-snippet:-1","max-image-preview":"max-image-preview:large","max-video-preview":"max-video-preview:-1"},"canonical":"https:\/\/www.arqis.com\/en\/arqis-blog\/vertikale-floating-pv-anlagen\/","og_locale":"en_US","og_type":"article","og_title":"Vertikale Floating-PV-Anlagen - ARQIS","og_description":"Die Nutzung von Wasserfl\u00e4chen zur Stromerzeugung durch Floating-Photovoltaik-Anlagen (Floating-PV-Anlagen) gewinnt zunehmend an Bedeutung \u2013 insbesondere vor dem Hintergrund der ambitionierten Ausbauziele f\u00fcr erneuerbare Energien ...","og_url":"https:\/\/www.arqis.com\/en\/arqis-blog\/vertikale-floating-pv-anlagen\/","og_site_name":"ARQIS","article_modified_time":"2025-06-25T09:42:04+00:00","og_image":[{"width":1024,"height":1024,"url":"https:\/\/www.arqis.com\/wp-content\/uploads\/2025\/06\/250625_Blogbeitrag_Regulatory-5-1024x1024.png","type":"image\/png"}],"twitter_card":"summary_large_image","twitter_misc":{"Est. reading time":"5 minutes"},"schema":{"@context":"https:\/\/schema.org","@graph":[{"@type":"WebPage","@id":"https:\/\/www.arqis.com\/arqis-blog\/vertikale-floating-pv-anlagen\/","url":"https:\/\/www.arqis.com\/arqis-blog\/vertikale-floating-pv-anlagen\/","name":"Vertikale Floating-PV-Anlagen - ARQIS","isPartOf":{"@id":"https:\/\/www.arqis.com\/#website"},"datePublished":"2025-06-25T09:20:44+00:00","dateModified":"2025-06-25T09:42:04+00:00","description":"Die Nutzung von Wasserfl\u00e4chen zur Stromerzeugung durch Floating-Photovoltaik-Anlagen (Floating-PV-Anlagen) gewinnt zunehmend an Bedeutung...","breadcrumb":{"@id":"https:\/\/www.arqis.com\/arqis-blog\/vertikale-floating-pv-anlagen\/#breadcrumb"},"inLanguage":"en-US","potentialAction":[{"@type":"ReadAction","target":["https:\/\/www.arqis.com\/arqis-blog\/vertikale-floating-pv-anlagen\/"]}]},{"@type":"BreadcrumbList","@id":"https:\/\/www.arqis.com\/arqis-blog\/vertikale-floating-pv-anlagen\/#breadcrumb","itemListElement":[{"@type":"ListItem","position":1,"name":"Home","item":"https:\/\/www.arqis.com\/"},{"@type":"ListItem","position":2,"name":"Blog","item":"https:\/\/www.arqis.com\/en\/arqis-blog\/"},{"@type":"ListItem","position":3,"name":"Vertikale Floating-PV-Anlagen"}]},{"@type":"WebSite","@id":"https:\/\/www.arqis.com\/#website","url":"https:\/\/www.arqis.com\/","name":"ARQIS","description":"Law","potentialAction":[{"@type":"SearchAction","target":{"@type":"EntryPoint","urlTemplate":"https:\/\/www.arqis.com\/?s={search_term_string}"},"query-input":{"@type":"PropertyValueSpecification","valueRequired":true,"valueName":"search_term_string"}}],"inLanguage":"en-US"}]}},"_links":{"self":[{"href":"https:\/\/www.arqis.com\/en\/wp-json\/wp\/v2\/blog\/40756","targetHints":{"allow":["GET"]}}],"collection":[{"href":"https:\/\/www.arqis.com\/en\/wp-json\/wp\/v2\/blog"}],"about":[{"href":"https:\/\/www.arqis.com\/en\/wp-json\/wp\/v2\/types\/blog"}],"wp:attachment":[{"href":"https:\/\/www.arqis.com\/en\/wp-json\/wp\/v2\/media?parent=40756"}],"wp:term":[{"taxonomy":"blogs","embeddable":true,"href":"https:\/\/www.arqis.com\/en\/wp-json\/wp\/v2\/blogs?post=40756"}],"curies":[{"name":"wp","href":"https:\/\/api.w.org\/{rel}","templated":true}]}}