{"id":40475,"date":"2025-02-26T16:25:58","date_gmt":"2025-02-26T15:25:58","guid":{"rendered":"https:\/\/www.arqis.com\/?post_type=blog&#038;p=40475"},"modified":"2025-11-17T13:05:28","modified_gmt":"2025-11-17T12:05:28","slug":"reduzierte-enwg-novelle","status":"publish","type":"blog","link":"https:\/\/www.arqis.com\/en\/arqis-blog\/reduzierte-enwg-novelle\/","title":{"rendered":"Die reduzierte EnWG-Novelle: Ein Spitzen Gesetz?"},"content":{"rendered":"<div id=\"header-block_dfc2c66c179141a745eec02ffed8103b\" class=\"header-block is-style-medium image-article\">\n    <section id=\"header\">\n        <div class=\"container\">\n            <div class=\"row position-relative\">\n                <div class=\"col-12 col-lg-8 main-head scrollreveal\">\n                                        <h1 class=\"title\">Die reduzierte EnWG-Novelle: Ein Spitzen Gesetz?<\/h1>\n                <\/div>\n                <div class=\"subnav\">\n                                            <div class=\"group-leader-image filter-none\">\n                            <style>\n\n                                .group-leader-image .d-desktop,\n                                .group-leader-image .d-tablet,\n                                .group-leader-image .d-mobile {\n                                    display: none;\n                                }\n                                @media(max-width: 767px) {\n                                    .group-leader-image .d-mobile {\n                                        display: block;\n                                    }\n                                }\n                                @media(min-width: 1200px) {\n                                    .group-leader-image .d-desktop {\n                                        display: block;\n                                    }\n                                }\n                                @media(min-width: 768px) and (max-width: 1199px) {\n                                    .group-leader-image .d-tablet {\n                                        display: block;\n                                    }\n                                }\n                            <\/style>\n                          <div class=\"d-desktop filter-none\" style=\"background-image: url(https:\/\/www.arqis.com\/wp-content\/uploads\/2025\/02\/241111_Regulatory_ESG_Blog-3-aspect-ratio-440-349.png);\"><\/div>\n                          <div class=\"d-tablet filter-none\" style=\"background-image: url(https:\/\/www.arqis.com\/wp-content\/uploads\/2025\/02\/241111_Regulatory_ESG_Blog-3-aspect-ratio-440-349-1.png);\"><\/div>\n                          <div class=\"d-mobile filter-none\" style=\"background-image: url(https:\/\/www.arqis.com\/wp-content\/uploads\/2025\/02\/241111_Regulatory_ESG_Blog-3-aspect-ratio-1080-861.png);\"><\/div>\n\n                        <\/div>\n                                        <div class=\"navpoints\">\n                        <div class=\"header\"><a href=\"#header\">Die reduzierte EnWG-Novelle: Ein Spitzen Gesetz?<\/a><\/div>\n                        <div class=\"content\">Themen<\/div>\n                        <div class=\"contents\">\n\n                        <\/div>\n                    <\/div>\n                <\/div>\n            <\/div>\n        <\/div>\n\n        <section class=\"share-links\">\n        <div class=\"container\">\n            <div class=\"row\">\n                <div class=\"col-12\">\n                    <div class=\"d-inline-block share-text\"><!--<span><i class=\"fas fa-share-alt\"><\/i><\/span>-->Teilen:<\/div>\n                    <a href=\"https:\/\/www.facebook.com\/sharer.php?u=https%3A%2F%2Fwww.arqis.com%2Fen%2Farqis-blog%2Freduzierte-enwg-novelle%2F\" class=\"d-inline-block p-2\" onclick=\"window.open(this.href, 'mywin', 'left=20,top=20,width=500,height=500,toolbar=1,resizable=0'); return false;\"><i class=\"fab fa-facebook\"><\/i><\/a>\n                    <a href=\"https:\/\/x.com\/intent\/post?text=https%3A%2F%2Fwww.arqis.com%2Fen%2Farqis-blog%2Freduzierte-enwg-novelle%2F\" class=\"d-inline-block p-2\" onclick=\"window.open(this.href, 'mywin', 'left=20,top=20,width=500,height=500,toolbar=1,resizable=0'); return false;\"><i class=\"fab fa-twitter\"><\/i><\/a>\n                    <a href=\"https:\/\/www.linkedin.com\/sharing\/share-offsite\/?url=https%3A%2F%2Fwww.arqis.com%2Fen%2Farqis-blog%2Freduzierte-enwg-novelle%2F\" class=\"d-inline-block p-2\" onclick=\"window.open(this.href, 'mywin', 'left=20,top=20,width=500,height=500,toolbar=1,resizable=0'); return false;\"><i class=\"fab fa-linkedin-in\"><\/i><\/a>\n                    <a href=\"https:\/\/www.xing.com\/spi\/shares\/new?url=https%3A%2F%2Fwww.arqis.com%2Fen%2Farqis-blog%2Freduzierte-enwg-novelle%2F\" class=\"d-inline-block p-2\" onclick=\"window.open(this.href, 'mywin', 'left=20,top=20,width=500,height=500,toolbar=1,resizable=0'); return false;\"><i class=\"fab fa-xing\"><\/i><\/a>\n                <\/div>\n            <\/div>\n        <\/div>\n    <\/section>    <\/section>\n\n    <section>\n        <div class=\"container\">\n\n            <div class=\"row scrollreveal\">\n                <div class=\"col-12 offset-lg-1 col-lg-6\">\n                    <h3>\n                        26. February 2025                    <\/h3>\n                                        <div class=\"topline\">\u00dcber das \u201eSolarspitzen-Gesetz\u201c zur Flexibilisierung des Stromnetzes<\/div>\n                                                        <\/div>\n            <\/div>\n        <\/div>\n    <\/section>\n\n<\/div>\n\n\n\n<div id=\"txt01-block_a4ca31744bebb10ce251dfe7f1092ec2\" class=\"txt01 is-style-medium zierelement-none acf\/txt01\" >\n    <section>\n        <div class=\"container position-relative\">\n\n                        <div class=\"row scrollreveal\">\n                <div class=\"col-12 col-lg-6 offset-lg-1\">\n                    <p>Am 31.01.2025 hat der Bundestag das \u201eGesetz zur \u00c4nderung des Energiewirtschaftsrechts zur Vermeidung von tempor\u00e4ren Erzeugungs\u00fcbersch\u00fcssen\u201c beschlossen. Da am 14.02.2025 auch kein Einspruch des Bundesrats erfolgte, wird das Gesetz nun Anfang M\u00e4rz Kraft treten. Beim sog. \u201eSolarspitzen-Gesetz\u201c handelt es sich dabei um eine deutlich reduziertere Version der urspr\u00fcnglichen EnWG-Novelle (90 statt 390 Seiten).<\/p>\n<p>Ziel des Gesetzes ist die Vorsorge f\u00fcr Zeiten tempor\u00e4rer Erzeugungs\u00fcbersch\u00fcsse, in denen sehr viel Strom aus EE-Anlagen in das \u00f6ffentliche Stromnetz eingespeist wird und der Stromverbrauch zeitgleich gering ist. Der Strom findet dann zu normalen Preisen keine Nachfrage mehr. Da Stromerzeugung und Stromverbrauch im Netz stets ausgeglichen sein m\u00fcssen, wird der Strom dann zu teilweise stark negativen Preisen verkauft. Diese negativen Preise erh\u00f6hen die Kosten der F\u00f6rderung der erneuerbaren Energien und die Kosten des Stromsystems insgesamt.<\/p>\n<p>Um den Herausforderungen tempor\u00e4rer Erzeugungs\u00fcbersch\u00fcsse zu begegnen, enth\u00e4lt das Gesetz eine Vielzahl von Regelungen, die die Flexibilit\u00e4t im Stromsystem erh\u00f6hen. Der Beitrag soll einen \u00dcberblick \u00fcber die wichtigsten Neuregelungen geben:<\/p>\n                                                        <\/div>\n            <\/div>\n                    <\/div>\n    <\/section>\n<\/div>\n\n\n<div id=\"txt01-block_10f95f580911ae58ce5b53c088d2b420\" class=\"txt01 is-style-medium toc zierelement-none acf\/txt01\"  data-toctitle=\"I. Keine EEG-F\u00f6rderung bei negativen Strompreisen\">\n    <section>\n        <div class=\"container position-relative\">\n\n                            <div class=\"row scrollreveal\">\n                    <div class=\"col-12 col-lg-8 offset-lg-1\">\n                                                    <div class=\"topline\">\n                                I. Keine EEG-F\u00f6rderung bei negativen Strompreisen                            <\/div>\n                                                                    <\/div>\n                <\/div>\n                        <div class=\"row scrollreveal\">\n                <div class=\"col-12 col-lg-8 offset-lg-1\">\n                    <p>Die f\u00fcr EE-Anlagenbetreiber wichtigste \u00c4nderung betrifft die EEG-F\u00f6rderung bei negativen Strompreisen. Allein im Jahr 2024 kam es in Deutschland in ca. 450 Stunden zu sogenannten negativen Strompreisen an der B\u00f6rse. Negative Strompreise entstehen, wenn das Stromangebot die Nachfrage deutlich \u00fcbersteigt, z. B. an sonnigen Feiertagen. In solchen F\u00e4llen erhalten Abnehmer Geld daf\u00fcr, dass sie Strom beziehen.<\/p>\n<p>Durch die \u00c4nderung des \u00a7 51 EEG wurde nun festgelegt, dass in Zeiten negativer Strompreise die F\u00f6rderung vollst\u00e4ndig entf\u00e4llt. Ziel ist es, Neuanlagen unmittelbaren Preissignalen auszusetzen und die Marktintegration der erneuerbaren Energien zu st\u00e4rken. Dadurch soll ein Anreiz geschaffen werden, in Zeiten negativer Preise nicht einzuspeisen, sondern Eigenverbrauch zu betreiben oder den Strom zur sp\u00e4teren Nutzung oder Einspeisung (zu h\u00f6heren Preisen) zu speichern. Die entfallenen F\u00f6rderzeiten werden als Ausgleich nach \u00a7 51a EEG an die Maximalf\u00f6rderdauer (in der Regel 20 Jahre) angeh\u00e4ngt. Auf dem F\u00f6rderzeitkonto jeder PV-Anlage sammeln sich so jedes Jahr mehrere Stunden oder Tage an. Am Ende wird die F\u00f6rderdauer f\u00fcr jede Anlage individuell sein und zumeist 20 Jahre sowie einige Wochen oder Monate betragen.<\/p>\n<p>Diese Regelung gilt indes nur f\u00fcr Neuanlagen. F\u00fcr Bestandsanlagen, die sich bereits in der Einspeiseverg\u00fctung befinden, gilt das nicht. Diese haben jedoch nach \u00a7 100 Abs. 47 EEG die M\u00f6glichkeit, in den Anwendungsbereich des neuen \u00a7 51 EEG zu wechseln. Als Anreiz hierf\u00fcr erh\u00f6ht sich die Einspeiseverg\u00fctung in Zeiten positiver Strompreise um einen Bonus von 0,6 ct\/kWh.<\/p>\n<p>Nicht betroffen von dieser Regelung sind PV-Anlagen mit weniger als 100 kW Leistung, die noch nicht \u00fcber ein Smart-Meter, also ein intelligentes Messsystem, verf\u00fcgen, sowie sogenannte Balkonkraftwerke mit weniger als 2 kW Leistung.<\/p>\n                                                        <\/div>\n            <\/div>\n                    <\/div>\n    <\/section>\n<\/div>\n\n\n<div id=\"txt01-block_56e78dc83a9a58d38639296003dfd733\" class=\"txt01 is-style-medium toc zierelement-none acf\/txt01\"  data-toctitle=\"II. Abschaltung von PV-Anlagen bei negativen Strompreisen\">\n    <section>\n        <div class=\"container position-relative\">\n\n                            <div class=\"row scrollreveal\">\n                    <div class=\"col-12 col-lg-8 offset-lg-1\">\n                                                    <div class=\"topline\">\n                                II. Abschaltung von PV-Anlagen bei negativen Strompreisen                            <\/div>\n                                                                    <\/div>\n                <\/div>\n                        <div class=\"row scrollreveal\">\n                <div class=\"col-12 col-lg-8 offset-lg-1\">\n                    <p>In Zeiten von negativen Strompreisen droht allerdings nicht nur eine Verteuerung der EEG-F\u00f6rderung, zugleich ist auch die Netzstabilit\u00e4t bedroht. Denn das Stromnetz muss zu jeder Zeit ausgeglichen sein. Die Stromeinspeisung und Stromentnahme m\u00fcssen stets im Gleichgewicht sein, um die Netzspannung stabil zu halten. Sofern also die Stromerzeugung zu hoch ist, m\u00fcssen EE-Anlagen heruntergeregelt werden.<\/p>\n<p>Um Vorsorge f\u00fcr diese Spitzen zu treffen, hat der Gesetzgeber entschieden, dass neue EE-Anlagen besser heruntergeregelt werden k\u00f6nnen m\u00fcssen. Nach \u00a7 91 Nummer 2 EEG k\u00f6nnen \u00dcbertragungsnetzbetreiber zuk\u00fcnftig verpflichtet werden, Anlagen bei negativen Preisen abzuregeln. Zudem kann dies k\u00fcnftig schon ab der ersten Viertelstunde mit negativen Preisen angeordnet werden. Hierf\u00fcr erforderlich ist eine fernsteuerbare Abschalteinrichtung, \u00fcber die bereits z.B. ca. 60% der PV-Anlagen verf\u00fcgen.<\/p>\n                                                        <\/div>\n            <\/div>\n                    <\/div>\n    <\/section>\n<\/div>\n\n\n<div id=\"txt01-block_16e1b53bdb4d6270c4edc754ebb085a7\" class=\"txt01 is-style-medium toc zierelement-none acf\/txt01\"  data-toctitle=\"III. Flexiblere Direktvermarktung durch Stromspeicher\">\n    <section>\n        <div class=\"container position-relative\">\n\n                            <div class=\"row scrollreveal\">\n                    <div class=\"col-12 col-lg-8 offset-lg-1\">\n                                                    <div class=\"topline\">\n                                III. Flexiblere Direktvermarktung durch Stromspeicher                            <\/div>\n                                                                    <\/div>\n                <\/div>\n                        <div class=\"row scrollreveal\">\n                <div class=\"col-12 col-lg-8 offset-lg-1\">\n                    <p>Sowohl gro\u00dfe Energiespeicheranlagen als auch private Batteriespeicher sollen nun durch die Reform Netzstrom zwischenspeichern k\u00f6nnen. Das bedeutet, dass nicht nur Strom aus der eigenen PV-Anlage gespeichert werden kann, sondern auch Strom aus dem Netz aufgenommen wird, wenn er g\u00fcnstig ist, um ihn sp\u00e4ter bei hohen Preisen wieder ins Netz einzuspeisen. Dies birgt ein hohes Potenzial zur Flexibilisierung und Stabilisierung des Stromnetzes.<\/p>\n<p>Hierf\u00fcr sind in \u00a7 19 Abs. 3 EEG Nachbesserungen f\u00fcr eine flexiblere Nutzung von Stromspeichern enthalten. K\u00fcnftig k\u00f6nnen diese zum Zwischenspeichern von Netzstrom genutzt und damit netz- und systemdienlicher betrieben werden. F\u00fcr PV-Heimspeicher gibt es eine Pauschaloption und f\u00fcr gr\u00f6\u00dfere Speicher eine Abgrenzungsoption, sodass f\u00f6rderf\u00e4hige Solarstrommengen im Speicher von nicht f\u00f6rderf\u00e4higem Graustrom aus dem Netz abgrenzbar sind. Anlagenbetreiber k\u00f6nnen nun den Speicher laden, wenn der Strompreis niedrig ist, und ihn wieder entladen, wenn der Strompreis hoch ist.<\/p>\n<p>Damit diese M\u00f6glichkeit effizient genutzt werden kann, sind Smart-Meter und dynamische Tarife erforderlich. Diese stellen eine Grundvoraussetzung dar, um das Speichern von Netzstrom sinnvoll zu nutzen. Zu der Beschleunigung des Smart-Meter-Rollouts daher wie folgt:<\/p>\n                                                        <\/div>\n            <\/div>\n                    <\/div>\n    <\/section>\n<\/div>\n\n\n<div id=\"txt01-block_1948a9976a281642617ffe8c55235181\" class=\"txt01 is-style-medium toc zierelement-none acf\/txt01\"  data-toctitle=\"IV. Beschleunigung des Smart-Meter-Rollouts\">\n    <section>\n        <div class=\"container position-relative\">\n\n                            <div class=\"row scrollreveal\">\n                    <div class=\"col-12 col-lg-8 offset-lg-1\">\n                                                    <div class=\"topline\">\n                                IV. Beschleunigung des Smart-Meter-Rollouts                            <\/div>\n                                                                    <\/div>\n                <\/div>\n                        <div class=\"row scrollreveal\">\n                <div class=\"col-12 col-lg-8 offset-lg-1\">\n                    <p>Die Installation intelligenter Messsysteme und Steuerungstechnik (sog. Smart Meter mit Gateways) soll durch \u00c4nderungen des MsbG, des EnWG und des EEG beschleunigt werden, um durch die Steuerung der Anlagen verhindern zu k\u00f6nnen, dass das Stromnetz \u00fcberlastet wird. Da die Umstellung eine gewisse Zeit ben\u00f6tigt, werden durch die Gesetzes\u00e4nderung nun bestimmte Gruppen beim Einbau von Smart Metern priorisiert. Diese Priorisierung bevorzugt Haushalte mit einem Verbrauch von \u00fcber 6.000 kWh\/Jahr sowie Betreiber von EE-Anlagen mit mehr als 7kW (also bereits Privathaushalte).<\/p>\n<p>Erzeugungsanlagen ab einer Leistung von 7 kW sollen gem. \u00a7 29 MsbG nicht nur mit intelligenten Messystemen, sondern verpflichtend auch mit Steuereinrichtungen ausgestattet werden. Dementsprechend m\u00fcssen Anlagen, die ihren Strom im Rahmen der Einspeiseverg\u00fctung oder dem Mieterstrom vermarkten (also Anlagen von mehr als 2 kW und weniger als 100 kW), bis zur Herstellung der Steuerbarkeit \u00fcber intelligente Messsysteme ihre Einspeiseleistung auf 60% begrenzen (\u00a7 9 Abs. 2 Nr. 3 EEG).<\/p>\n                                                        <\/div>\n            <\/div>\n                    <\/div>\n    <\/section>\n<\/div>\n\n\n<div id=\"txt01-block_863c825183cb667b2994f52b41f6fa61\" class=\"txt01 is-style-medium toc zierelement-none acf\/txt01\"  data-toctitle=\"Fazit\">\n    <section>\n        <div class=\"container position-relative\">\n\n                            <div class=\"row scrollreveal\">\n                    <div class=\"col-12 col-lg-8 offset-lg-1\">\n                                                    <div class=\"topline\">\n                                Ein wichtiger Schritt in die richtige Richtung                            <\/div>\n                                                                    <\/div>\n                <\/div>\n                        <div class=\"row scrollreveal\">\n                <div class=\"col-12 col-lg-8 offset-lg-1\">\n                    <p>Mit dem Solarspitzen-Gesetz werden wichtige Weichen gestellt, um das deutsche Stromnetz zu flexibilisieren und dadurch zu stabilisieren. Gerade Betreiber von EE-Anlagen mit angeschlossenen Batteriespeichern sowie f\u00fcr Privathaushalte mit Batteriespeichern k\u00f6nnen daf\u00fcr sorgen, dass sowohl auf der Nachfrageseite (Strombezug mit dynamischen Tarifen) als auch auf der Angebotsseite (preisoptimierte Einspeicherung und Einspeisung) mehr Flexibilit\u00e4t entsteht. Zugleich bietet das Gesetz auch f\u00fcr Privathaushalte und EE-Anlagen mit Batteriespeichern die Chance, am Stromhandel zu profitieren, indem Strom zu Zeiten negativer oder niedriger Strompreise aus dem Netz gespeichert und zu Zeiten hoher Strompreise verkauft wird.<\/p>\n<p>Damit das Solarspitzen-Gesetz seine volle Wirkung entfalten kann, ist eine fl\u00e4chendeckende Einf\u00fchrung von Smart-Metern sowie dynamischen Stromtarifen erforderlich. Es ist jedoch richtig, mit dem gesetzlichen Rahmen f\u00fcr die Flexibilisierung nicht zu warten, bis alle Anlagen und Haushalte \u00fcber Smart-Meter und dynamischen Tarifen verf\u00fcgen, sondern diesen jetzt vorzuziehen, damit Schritt f\u00fcr Schritt Eigent\u00fcmer von PV-Anlagen und Batteriespeichern profitieren k\u00f6nnen.<\/p>\n<p>Zugleich ist bereits absehbar, dass nunmehr unsicheren EEG-F\u00f6rderzeitr\u00e4ume (20 Jahre + X) zu einer Ber\u00fccksichtigung bei Fl\u00e4chensicherungsvertr\u00e4gen f\u00fchren k\u00f6nnen, deren Laufzeit regelm\u00e4\u00dfig an den EEG-F\u00f6rderzeitraum gekn\u00fcpft ist. Das genaue Ende des EEG-F\u00f6rderzeitraums ist zuk\u00fcnftig allerdings erst sehr kurzfristig absehbar, wenn die Zeiten negativer Strompreise hinzuaddiert werden. Hier sind Vertr\u00e4ge entsprechend mit K\u00fcndigungsrechten und flexiblen Verl\u00e4ngerungen zu versehen, um das abzubilden.<\/p>\n<p>&nbsp;<\/p>\n<p><strong>Authors:<br \/>\n<\/strong><a href=\"https:\/\/www.arqis.com\/en\/team\/dr-bernhard-groehe\/\">Bernhard Gr\u00f6he<\/a>, <a href=\"https:\/\/www.arqis.com\/en\/team\/dr-friedrich-gebert\/\">Friedrich Gebert<\/a><\/p>\n                                                        <\/div>\n            <\/div>\n                    <\/div>\n    <\/section>\n<\/div>\n\n<div id=\"cta07-block_0f932c3716abd4c1e367468a94b0d851\" class=\"cta07 is-style-medium acf\/cta07\" >\n    <section class=\"scrollreveal\">\n        <div class=\"container\">\n            <div class=\"row\">\n                <div class=\"col-12 col-md-7\">\n                                            <h2 class=\"title hyphens\">How can we support you?<\/h2>\n                                        <div class=\"cta-description\">\n                        <p>If you have any questions, please feel free to mail us.<\/p>\n                    <\/div>\n                <\/div>\n                <div class=\"col-12 col-md-5 cta-align-down\">\n                                            <a href=\"mailto:regulatory@arqis.com\" class=\"button button--ghost\">Contact us<\/a>                                    <\/div>\n            <\/div>\n        <\/div>\n    <\/section>\n<\/div>","protected":false},"parent":0,"template":"","blogs":[324,338,325,336],"class_list":["post-40475","blog","type-blog","status-publish","hentry","blogs-big-law-boutique","blogs-esg","blogs-innovation-blog","blogs-regulatory"],"acf":[],"yoast_head":"<!-- This site is optimized with the Yoast SEO plugin v27.5 - https:\/\/yoast.com\/product\/yoast-seo-wordpress\/ -->\n<title>Die reduzierte EnWG-Novelle: Ein Spitzen Gesetz? - ARQIS<\/title>\n<meta name=\"description\" content=\"Am 31.01.2025 hat der Bundestag das \u201eGesetz zur \u00c4nderung des Energiewirtschaftsrechts zur Vermeidung von tempor\u00e4ren Erzeugungs\u00fcbersch\u00fcssen&quot; ...\" \/>\n<meta name=\"robots\" content=\"index, follow, max-snippet:-1, max-image-preview:large, max-video-preview:-1\" \/>\n<link rel=\"canonical\" href=\"https:\/\/www.arqis.com\/en\/arqis-blog\/reduzierte-enwg-novelle\/\" \/>\n<meta property=\"og:locale\" content=\"en_US\" \/>\n<meta property=\"og:type\" content=\"article\" \/>\n<meta property=\"og:title\" content=\"Die reduzierte EnWG-Novelle: Ein Spitzen Gesetz? - ARQIS\" \/>\n<meta property=\"og:description\" content=\"Am 31.01.2025 hat der Bundestag das \u201eGesetz zur \u00c4nderung des Energiewirtschaftsrechts zur Vermeidung von tempor\u00e4ren Erzeugungs\u00fcbersch\u00fcssen&quot; ...\" \/>\n<meta property=\"og:url\" content=\"https:\/\/www.arqis.com\/en\/arqis-blog\/reduzierte-enwg-novelle\/\" \/>\n<meta property=\"og:site_name\" content=\"ARQIS\" \/>\n<meta property=\"article:modified_time\" content=\"2025-11-17T12:05:28+00:00\" \/>\n<meta property=\"og:image\" content=\"https:\/\/www.arqis.com\/wp-content\/uploads\/2025\/02\/etearq_hyperrealistic_image_of_a_large_battery_storage_system_a_abbd9395-3dfa-4308-b81e-c2e541efc1ab.png\" \/>\n\t<meta property=\"og:image:width\" content=\"1024\" \/>\n\t<meta property=\"og:image:height\" content=\"1024\" \/>\n\t<meta property=\"og:image:type\" content=\"image\/png\" \/>\n<meta name=\"twitter:card\" content=\"summary_large_image\" \/>\n<meta name=\"twitter:label1\" content=\"Est. reading time\" \/>\n\t<meta name=\"twitter:data1\" content=\"6 minutes\" \/>\n<script type=\"application\/ld+json\" class=\"yoast-schema-graph\">{\"@context\":\"https:\\\/\\\/schema.org\",\"@graph\":[{\"@type\":\"WebPage\",\"@id\":\"https:\\\/\\\/www.arqis.com\\\/arqis-blog\\\/reduzierte-enwg-novelle\\\/\",\"url\":\"https:\\\/\\\/www.arqis.com\\\/arqis-blog\\\/reduzierte-enwg-novelle\\\/\",\"name\":\"Die reduzierte EnWG-Novelle: Ein Spitzen Gesetz? - ARQIS\",\"isPartOf\":{\"@id\":\"https:\\\/\\\/www.arqis.com\\\/#website\"},\"datePublished\":\"2025-02-26T15:25:58+00:00\",\"dateModified\":\"2025-11-17T12:05:28+00:00\",\"description\":\"Am 31.01.2025 hat der Bundestag das \u201eGesetz zur \u00c4nderung des Energiewirtschaftsrechts zur Vermeidung von tempor\u00e4ren Erzeugungs\u00fcbersch\u00fcssen\\\" ...\",\"breadcrumb\":{\"@id\":\"https:\\\/\\\/www.arqis.com\\\/arqis-blog\\\/reduzierte-enwg-novelle\\\/#breadcrumb\"},\"inLanguage\":\"en-US\",\"potentialAction\":[{\"@type\":\"ReadAction\",\"target\":[\"https:\\\/\\\/www.arqis.com\\\/arqis-blog\\\/reduzierte-enwg-novelle\\\/\"]}]},{\"@type\":\"BreadcrumbList\",\"@id\":\"https:\\\/\\\/www.arqis.com\\\/arqis-blog\\\/reduzierte-enwg-novelle\\\/#breadcrumb\",\"itemListElement\":[{\"@type\":\"ListItem\",\"position\":1,\"name\":\"Home\",\"item\":\"https:\\\/\\\/www.arqis.com\\\/\"},{\"@type\":\"ListItem\",\"position\":2,\"name\":\"Blog\",\"item\":\"https:\\\/\\\/www.arqis.com\\\/en\\\/arqis-blog\\\/\"},{\"@type\":\"ListItem\",\"position\":3,\"name\":\"Die reduzierte EnWG-Novelle: Ein Spitzen Gesetz?\"}]},{\"@type\":\"WebSite\",\"@id\":\"https:\\\/\\\/www.arqis.com\\\/#website\",\"url\":\"https:\\\/\\\/www.arqis.com\\\/\",\"name\":\"ARQIS\",\"description\":\"Law\",\"potentialAction\":[{\"@type\":\"SearchAction\",\"target\":{\"@type\":\"EntryPoint\",\"urlTemplate\":\"https:\\\/\\\/www.arqis.com\\\/?s={search_term_string}\"},\"query-input\":{\"@type\":\"PropertyValueSpecification\",\"valueRequired\":true,\"valueName\":\"search_term_string\"}}],\"inLanguage\":\"en-US\"}]}<\/script>\n<!-- \/ Yoast SEO plugin. -->","yoast_head_json":{"title":"Die reduzierte EnWG-Novelle: Ein Spitzen Gesetz? - ARQIS","description":"Am 31.01.2025 hat der Bundestag das \u201eGesetz zur \u00c4nderung des Energiewirtschaftsrechts zur Vermeidung von tempor\u00e4ren Erzeugungs\u00fcbersch\u00fcssen\" ...","robots":{"index":"index","follow":"follow","max-snippet":"max-snippet:-1","max-image-preview":"max-image-preview:large","max-video-preview":"max-video-preview:-1"},"canonical":"https:\/\/www.arqis.com\/en\/arqis-blog\/reduzierte-enwg-novelle\/","og_locale":"en_US","og_type":"article","og_title":"Die reduzierte EnWG-Novelle: Ein Spitzen Gesetz? - ARQIS","og_description":"Am 31.01.2025 hat der Bundestag das \u201eGesetz zur \u00c4nderung des Energiewirtschaftsrechts zur Vermeidung von tempor\u00e4ren Erzeugungs\u00fcbersch\u00fcssen\" ...","og_url":"https:\/\/www.arqis.com\/en\/arqis-blog\/reduzierte-enwg-novelle\/","og_site_name":"ARQIS","article_modified_time":"2025-11-17T12:05:28+00:00","og_image":[{"width":1024,"height":1024,"url":"https:\/\/www.arqis.com\/wp-content\/uploads\/2025\/02\/etearq_hyperrealistic_image_of_a_large_battery_storage_system_a_abbd9395-3dfa-4308-b81e-c2e541efc1ab.png","type":"image\/png"}],"twitter_card":"summary_large_image","twitter_misc":{"Est. reading time":"6 minutes"},"schema":{"@context":"https:\/\/schema.org","@graph":[{"@type":"WebPage","@id":"https:\/\/www.arqis.com\/arqis-blog\/reduzierte-enwg-novelle\/","url":"https:\/\/www.arqis.com\/arqis-blog\/reduzierte-enwg-novelle\/","name":"Die reduzierte EnWG-Novelle: Ein Spitzen Gesetz? - ARQIS","isPartOf":{"@id":"https:\/\/www.arqis.com\/#website"},"datePublished":"2025-02-26T15:25:58+00:00","dateModified":"2025-11-17T12:05:28+00:00","description":"Am 31.01.2025 hat der Bundestag das \u201eGesetz zur \u00c4nderung des Energiewirtschaftsrechts zur Vermeidung von tempor\u00e4ren Erzeugungs\u00fcbersch\u00fcssen\" ...","breadcrumb":{"@id":"https:\/\/www.arqis.com\/arqis-blog\/reduzierte-enwg-novelle\/#breadcrumb"},"inLanguage":"en-US","potentialAction":[{"@type":"ReadAction","target":["https:\/\/www.arqis.com\/arqis-blog\/reduzierte-enwg-novelle\/"]}]},{"@type":"BreadcrumbList","@id":"https:\/\/www.arqis.com\/arqis-blog\/reduzierte-enwg-novelle\/#breadcrumb","itemListElement":[{"@type":"ListItem","position":1,"name":"Home","item":"https:\/\/www.arqis.com\/"},{"@type":"ListItem","position":2,"name":"Blog","item":"https:\/\/www.arqis.com\/en\/arqis-blog\/"},{"@type":"ListItem","position":3,"name":"Die reduzierte EnWG-Novelle: Ein Spitzen Gesetz?"}]},{"@type":"WebSite","@id":"https:\/\/www.arqis.com\/#website","url":"https:\/\/www.arqis.com\/","name":"ARQIS","description":"Law","potentialAction":[{"@type":"SearchAction","target":{"@type":"EntryPoint","urlTemplate":"https:\/\/www.arqis.com\/?s={search_term_string}"},"query-input":{"@type":"PropertyValueSpecification","valueRequired":true,"valueName":"search_term_string"}}],"inLanguage":"en-US"}]}},"_links":{"self":[{"href":"https:\/\/www.arqis.com\/en\/wp-json\/wp\/v2\/blog\/40475","targetHints":{"allow":["GET"]}}],"collection":[{"href":"https:\/\/www.arqis.com\/en\/wp-json\/wp\/v2\/blog"}],"about":[{"href":"https:\/\/www.arqis.com\/en\/wp-json\/wp\/v2\/types\/blog"}],"wp:attachment":[{"href":"https:\/\/www.arqis.com\/en\/wp-json\/wp\/v2\/media?parent=40475"}],"wp:term":[{"taxonomy":"blogs","embeddable":true,"href":"https:\/\/www.arqis.com\/en\/wp-json\/wp\/v2\/blogs?post=40475"}],"curies":[{"name":"wp","href":"https:\/\/api.w.org\/{rel}","templated":true}]}}