{"id":39661,"date":"2024-10-10T09:34:52","date_gmt":"2024-10-10T07:34:52","guid":{"rendered":"https:\/\/www.arqis.com\/?post_type=blog&#038;p=39661"},"modified":"2024-10-10T10:02:13","modified_gmt":"2024-10-10T08:02:13","slug":"verordnung-zum-ausbau-von-elektrischen-ladesaulen-afir-tritt-in-kraft","status":"publish","type":"blog","link":"https:\/\/www.arqis.com\/en\/arqis-blog\/verordnung-zum-ausbau-von-elektrischen-ladesaulen-afir-tritt-in-kraft\/","title":{"rendered":"Neues vom EU Green Deal \u2013 Die Verordnung zum Ausbau von elektrischen Lades\u00e4ulen AFIR tritt in Kraft"},"content":{"rendered":"<div id=\"header-block_8a8dffbb88e29f5e2ae8a1935d5dafba\" class=\"header-block is-style-small image-article\">\n    <section id=\"header\">\n        <div class=\"container\">\n            <div class=\"row position-relative\">\n                <div class=\"col-12 col-lg-8 main-head scrollreveal\">\n                                            <div class=\"topline\">\n                            Regulatory                        <\/div>\n                                        <h1 class=\"title\">Neues vom EU Green Deal \u2013 Die Verordnung zum Ausbau von elektrischen Lades\u00e4ulen AFIR tritt in Kraft<\/h1>\n                <\/div>\n                <div class=\"subnav\">\n                                            <div class=\"group-leader-image filter-none\">\n                            <style>\n\n                                .group-leader-image .d-desktop,\n                                .group-leader-image .d-tablet,\n                                .group-leader-image .d-mobile {\n                                    display: none;\n                                }\n                                @media(max-width: 767px) {\n                                    .group-leader-image .d-mobile {\n                                        display: block;\n                                    }\n                                }\n                                @media(min-width: 1200px) {\n                                    .group-leader-image .d-desktop {\n                                        display: block;\n                                    }\n                                }\n                                @media(min-width: 768px) and (max-width: 1199px) {\n                                    .group-leader-image .d-tablet {\n                                        display: block;\n                                    }\n                                }\n                            <\/style>\n                          <div class=\"d-desktop filter-none\" style=\"background-image: url(https:\/\/www.arqis.com\/wp-content\/uploads\/2024\/10\/shutterstock_2434022331-scaled-aspect-ratio-440-349-4-scaled.jpg);\"><\/div>\n                          <div class=\"d-tablet filter-none\" style=\"background-image: url(https:\/\/www.arqis.com\/wp-content\/uploads\/2024\/10\/shutterstock_2434022331-scaled-aspect-ratio-440-349-3-scaled.jpg);\"><\/div>\n                          <div class=\"d-mobile filter-none\" style=\"background-image: url(https:\/\/www.arqis.com\/wp-content\/uploads\/2024\/10\/shutterstock_2434022331-scaled.jpg);\"><\/div>\n\n                        <\/div>\n                                        <div class=\"navpoints\">\n                        <div class=\"header\"><a href=\"#header\">Neues vom EU Green Deal \u2013 Die Verordnung zum Ausbau von elektrischen Lades\u00e4ulen AFIR tritt in Kraft<\/a><\/div>\n                        <div class=\"content\">Themen<\/div>\n                        <div class=\"contents\">\n\n                        <\/div>\n                    <\/div>\n                <\/div>\n            <\/div>\n        <\/div>\n\n        <section class=\"share-links\">\n        <div class=\"container\">\n            <div class=\"row\">\n                <div class=\"col-12\">\n                    <div class=\"d-inline-block share-text\"><!--<span><i class=\"fas fa-share-alt\"><\/i><\/span>-->Teilen:<\/div>\n                    <a href=\"https:\/\/www.facebook.com\/sharer.php?u=https%3A%2F%2Fwww.arqis.com%2Fen%2Farqis-blog%2Fverordnung-zum-ausbau-von-elektrischen-ladesaulen-afir-tritt-in-kraft%2F\" class=\"d-inline-block p-2\" onclick=\"window.open(this.href, 'mywin', 'left=20,top=20,width=500,height=500,toolbar=1,resizable=0'); return false;\"><i class=\"fab fa-facebook\"><\/i><\/a>\n                    <a href=\"https:\/\/x.com\/intent\/post?text=https%3A%2F%2Fwww.arqis.com%2Fen%2Farqis-blog%2Fverordnung-zum-ausbau-von-elektrischen-ladesaulen-afir-tritt-in-kraft%2F\" class=\"d-inline-block p-2\" onclick=\"window.open(this.href, 'mywin', 'left=20,top=20,width=500,height=500,toolbar=1,resizable=0'); return false;\"><i class=\"fab fa-twitter\"><\/i><\/a>\n                    <a href=\"https:\/\/www.linkedin.com\/sharing\/share-offsite\/?url=https%3A%2F%2Fwww.arqis.com%2Fen%2Farqis-blog%2Fverordnung-zum-ausbau-von-elektrischen-ladesaulen-afir-tritt-in-kraft%2F\" class=\"d-inline-block p-2\" onclick=\"window.open(this.href, 'mywin', 'left=20,top=20,width=500,height=500,toolbar=1,resizable=0'); return false;\"><i class=\"fab fa-linkedin-in\"><\/i><\/a>\n                    <a href=\"https:\/\/www.xing.com\/spi\/shares\/new?url=https%3A%2F%2Fwww.arqis.com%2Fen%2Farqis-blog%2Fverordnung-zum-ausbau-von-elektrischen-ladesaulen-afir-tritt-in-kraft%2F\" class=\"d-inline-block p-2\" onclick=\"window.open(this.href, 'mywin', 'left=20,top=20,width=500,height=500,toolbar=1,resizable=0'); return false;\"><i class=\"fab fa-xing\"><\/i><\/a>\n                <\/div>\n            <\/div>\n        <\/div>\n    <\/section>    <\/section>\n\n    <section>\n        <div class=\"container\">\n\n            <div class=\"row scrollreveal\">\n                <div class=\"col-12 offset-lg-1 col-lg-6\">\n                    <h3>\n                        10. October 2024                    <\/h3>\n                                                        <\/div>\n            <\/div>\n        <\/div>\n    <\/section>\n\n<\/div>\n\n\n\n<div id=\"txt01-block_9ae09a357543bb1a612c8ee599422dff\" class=\"txt01 is-style-small zierelement-none acf\/txt01\" >\n    <section>\n        <div class=\"container position-relative\">\n\n                        <div class=\"row scrollreveal\">\n                <div class=\"col-12 col-lg-6 offset-lg-1\">\n                    <p><span style=\"font-weight: 400;\">Der Europ\u00e4ische Green Deal setzt ein klares Ziel: Im Rahmen des \u201eFit for 55\u201c-Pakets hat sich die EU verpflichtet, ihre Netto-Treibhausgasemissionen bis 2030 um mindestens 55% zu senken. Ein entscheidender Schritt dabei ist der Aufbau der Ladeinfrastruktur f\u00fcr Elektrofahrzeuge. Eine wichtige Weichenstellung hierf\u00fcr ist die 2023 von der EU verabschiedete Verordnung EU 2023\/1804 \u00fcber die Infrastruktur f\u00fcr alternative Kraftstoffe (\u201e<\/span><b>AFIR<\/b><span style=\"font-weight: 400;\">\u201c), die n\u00e4chste Woche ab dem 14.10.2024 in Kraft tritt. Die AFIR ersetzt die bisherige Richtlinie 2014\/94\/EU und regelt verbindlich die Umsetzung europaweiter Mindestziele f\u00fcr den Ausbau der Ladeinfrastruktur. Damit soll dem Flickenteppich aus den unterschiedlichen Umsetzungen der Mitgliedstaaten ein Ende gesetzt werden.<\/span><\/p>\n<p>&nbsp;<\/p>\n                                                        <\/div>\n            <\/div>\n                    <\/div>\n    <\/section>\n<\/div>\n\n\n<div id=\"txt01-block_d0a79fcb4ccdae62c383f120608d8d6b\" class=\"txt01 is-style-small toc zierelement-none acf\/txt01\"  data-toctitle=\"Die wichtigsten \u00c4nderungen durch die AFIR\">\n    <section>\n        <div class=\"container position-relative\">\n\n                            <div class=\"row scrollreveal\">\n                    <div class=\"col-12 col-lg-8 offset-lg-1\">\n                                                    <div class=\"topline\">\n                                Die wichtigsten \u00c4nderungen durch die AFIR                            <\/div>\n                                                                    <\/div>\n                <\/div>\n                        <div class=\"row scrollreveal\">\n                <div class=\"col-12 col-lg-8 offset-lg-1\">\n                    <p><span style=\"font-weight: 400;\">Die wichtigsten \u00c4nderungen der AFIR betreffen drei Themen: (I.) verbindliche Ziele f\u00fcr \u00f6ffentlich zug\u00e4ngliche Lades\u00e4ulen, (II.) transparente Preisgestaltung und (III.) Verbesserung der Benutzerfreundlichkeit von Lades\u00e4ulen:\u00a0<\/span><\/p>\n<p>&nbsp;<\/p>\n                                                        <\/div>\n            <\/div>\n                    <\/div>\n    <\/section>\n<\/div>\n\n\n<div id=\"txt01-block_7657ea3d6f8a74417dd8a48249df84cf\" class=\"txt01 is-style-small toc zierelement-none acf\/txt01\"  data-toctitle=\"I. Verbindliche Ziele f\u00fcr den Ausbau \u00f6ffentlich zug\u00e4nglicher Lades\u00e4ulen\">\n    <section>\n        <div class=\"container position-relative\">\n\n                            <div class=\"row scrollreveal\">\n                    <div class=\"col-12 col-lg-8 offset-lg-1\">\n                                                    <div class=\"topline\">\n                                I. Verbindliche Ziele f\u00fcr den Ausbau \u00f6ffentlich zug\u00e4nglicher Lades\u00e4ulen                            <\/div>\n                                                                    <\/div>\n                <\/div>\n                        <div class=\"row scrollreveal\">\n                <div class=\"col-12 col-lg-8 offset-lg-1\">\n                    <p><span style=\"font-weight: 400;\">Die bisherige EU-Richtlinie 2014\/94\/EU enthielt keine verbindlichen Vorgaben f\u00fcr den Ausbau der Ladeinfrastruktur. Das \u00e4ndert sich nun. Die AFIR legt feste Ziele f\u00fcr Mitgliedstaaten, Betreiber von Lades\u00e4ulen und weitere Dienstleister fest, um den Ausbau zu beschleunigen und eine fl\u00e4chendeckende Versorgung mit Lades\u00e4ulen f\u00fcr Elektrofahrzeuge zu gew\u00e4hrleisten. So sieht unter anderem Art. 3 Abs. 4 AFIR vor, dass bis Ende 2025 entlang von Hauptverkehrsstra\u00dfen mindestens alle 60 km Lades\u00e4ulen f\u00fcr PKW und Kleintransporter zur Verf\u00fcgung stehen. Bis 2030 soll dieses Ziel auch f\u00fcr LKW und Busse erreicht werden.<\/span><\/p>\n<p>&nbsp;<\/p>\n                                                        <\/div>\n            <\/div>\n                    <\/div>\n    <\/section>\n<\/div>\n\n\n<div id=\"txt01-block_799b60efa543a1078232148a108c0cad\" class=\"txt01 is-style-small toc zierelement-none acf\/txt01\"  data-toctitle=\"II. Transparente Preisgestaltung\">\n    <section>\n        <div class=\"container position-relative\">\n\n                            <div class=\"row scrollreveal\">\n                    <div class=\"col-12 col-lg-8 offset-lg-1\">\n                                                    <div class=\"topline\">\n                                II. Transparente Preisgestaltung                            <\/div>\n                                                                    <\/div>\n                <\/div>\n                        <div class=\"row scrollreveal\">\n                <div class=\"col-12 col-lg-8 offset-lg-1\">\n                    <p><span style=\"font-weight: 400;\">Eine weitere wesentliche \u00c4nderung der AFIR betrifft die Preisgestaltung. Die unterschiedlichen Preise der einzelnen Betreiber m\u00fcssen nach Art. 5 Abs. 3 AFIR angemessen, einfach und eindeutig vergleichbar, transparent und nichtdiskriminierend sein. Die EU m\u00f6chte damit den Wettbewerb zwischen den Betreibern f\u00f6rdern, um die Verbraucherpreise zu senken, ohne dass die EU bestimmte Preisschwellenwerte festlegen muss.<\/span><\/p>\n<p>&nbsp;<\/p>\n                                                        <\/div>\n            <\/div>\n                    <\/div>\n    <\/section>\n<\/div>\n\n\n<div id=\"txt01-block_7ce8e2a02a3768d38088f4a410a0222f\" class=\"txt01 is-style-small toc zierelement-none acf\/txt01\"  data-toctitle=\"III. Verbesserung der Verbraucherfreundlichkeit von Lades\u00e4ulen\">\n    <section>\n        <div class=\"container position-relative\">\n\n                            <div class=\"row scrollreveal\">\n                    <div class=\"col-12 col-lg-8 offset-lg-1\">\n                                                    <div class=\"topline\">\n                                III. Verbesserung der Verbraucherfreundlichkeit von Lades\u00e4ulen                            <\/div>\n                                                                    <\/div>\n                <\/div>\n                        <div class=\"row scrollreveal\">\n                <div class=\"col-12 col-lg-8 offset-lg-1\">\n                    <p><span style=\"font-weight: 400;\">Schlie\u00dflich enth\u00e4lt die AFIR auch technische Anforderungen an die Lades\u00e4ulen und ihre Bedienung. So m\u00fcssen Lades\u00e4ulen nach Art. 5 Abs. 1 AFIR Kreditkartenzahlungen akzeptieren und ein sofortiges Laden ohne langfristige Vertr\u00e4ge erm\u00f6glichen. Das gilt sowohl f\u00fcr bestehende als auch f\u00fcr neue Lades\u00e4ulen. Auch das soll die Nutzung von Lades\u00e4ulen erleichtern und die Verbraucherfreundlichkeit erh\u00f6hen. Zudem m\u00fcssen die Lades\u00e4ulen digital vernetzt sein, um in Echtzeit \u00fcberwacht und mit Blick auf die Belastung des Stromnetzes intelligent gesteuert zu werden (Art. 5 Abs. 7 AFIR).<\/span><\/p>\n                                                        <\/div>\n            <\/div>\n                    <\/div>\n    <\/section>\n<\/div>\n\n\n<div id=\"txt01-block_fde8d3dda54d086b0a7cb6747646dd8f\" class=\"txt01 is-style-small zierelement-none acf\/txt01\" >\n    <section>\n        <div class=\"container position-relative\">\n\n                        <div class=\"row scrollreveal\">\n                <div class=\"col-12 col-lg-8 offset-lg-1\">\n                    <p><span style=\"font-weight: 400;\">F\u00fcr die Klimawende braucht es die Verkehrswende. Ohne einen Ausbau der E-Mobilit\u00e4t, wird die EU ihre ehrgeizigen Klimaziele insbesondere im Verkehrssektor nicht erreichen k\u00f6nnen. F\u00fcr den Ausbau der E-Mobilit\u00e4t ist eine zuverl\u00e4ssige und einheitliche Lades\u00e4ulen-Infrastruktur entscheidend. In einem Europa mit offenen Grenzen darf es dabei kein Unterschied machen, ob ein Fahrzeug in Deutschland, den Niederlanden oder Polen geladen wird. Daher ist eine Vereinheitlichung durch die AFIR notwendig. Das allein wird aber nicht der Gamechanger sein, damit in der EU \u00e4hnliche Verkaufsquoten f\u00fcr Elektrofahrzeuge wie in Norwegen zu sehen sind. Es ist noch viel zu tun.<\/span><\/p>\n<p>&nbsp;<\/p>\n                                                        <\/div>\n            <\/div>\n                    <\/div>\n    <\/section>\n<\/div>\n\n\n<div id=\"txt01-block_4ba53c49f4695fc84d0415f060b7ca23\" class=\"txt01 is-style-small zierelement-none acf\/txt01\" >\n    <section>\n        <div class=\"container position-relative\">\n\n                        <div class=\"row scrollreveal\">\n                <div class=\"col-12 col-lg-8 offset-lg-1\">\n                    <p>Authors:<\/p>\n<p><span style=\"font-weight: 400;\"><a href=\"https:\/\/www.arqis.com\/en\/team\/dr-bernhard-groehe\/\">Dr. Bernhard Gr\u00f6he<\/a>, <a href=\"https:\/\/www.arqis.com\/en\/team\/hannah-duewel-ll-m\/\">Hannah D\u00fcwel, LL.M.<\/a> and\u00a0<a href=\"https:\/\/www.arqis.com\/en\/team\/dr-friedrich-gebert\/\">Dr. Friedrich Gebert<\/a><\/span><\/p>\n                                                        <\/div>\n            <\/div>\n                    <\/div>\n    <\/section>\n<\/div>\n\n<div id=\"cta07-block_c19c36101dccac95d5a47250007a775d\" class=\"cta07 acf\/cta07\" >\n    <section class=\"scrollreveal\">\n        <div class=\"container\">\n            <div class=\"row\">\n                <div class=\"col-12 col-md-7\">\n                                            <h2 class=\"title hyphens\">How can we support you?<\/h2>\n                                        <div class=\"cta-description\">\n                        <p>If you have any questions, please write to us. <\/p>\n                    <\/div>\n                <\/div>\n                <div class=\"col-12 col-md-5 cta-align-down\">\n                                            <a href=\"mailto:arqis@arqis.com\" class=\"button button--ghost\">Contact us<\/a>                                    <\/div>\n            <\/div>\n        <\/div>\n    <\/section>\n<\/div>","protected":false},"parent":0,"template":"","blogs":[338,336],"class_list":["post-39661","blog","type-blog","status-publish","hentry","blogs-esg","blogs-regulatory"],"acf":[],"yoast_head":"<!-- This site is optimized with the Yoast SEO plugin v27.5 - https:\/\/yoast.com\/product\/yoast-seo-wordpress\/ -->\n<title>Neues vom EU Green Deal \u2013 Die Verordnung zum Ausbau von elektrischen Lades\u00e4ulen AFIR tritt in Kraft - ARQIS<\/title>\n<meta name=\"description\" content=\"Der Europ\u00e4ische Green Deal setzt ein klares Ziel: Im Rahmen des \u201eFit for 55\u201c-Pakets hat sich die EU verpflichtet, ihre Netto-Treibhausgasemissionen bis 2030 um mindestens 55% zu senken.\" \/>\n<meta name=\"robots\" content=\"index, follow, max-snippet:-1, max-image-preview:large, max-video-preview:-1\" \/>\n<link rel=\"canonical\" href=\"https:\/\/www.arqis.com\/en\/arqis-blog\/verordnung-zum-ausbau-von-elektrischen-ladesaulen-afir-tritt-in-kraft\/\" \/>\n<meta property=\"og:locale\" content=\"en_US\" \/>\n<meta property=\"og:type\" content=\"article\" \/>\n<meta property=\"og:title\" content=\"Neues vom EU Green Deal \u2013 Die Verordnung zum Ausbau von elektrischen Lades\u00e4ulen AFIR tritt in Kraft - ARQIS\" \/>\n<meta property=\"og:description\" content=\"Der Europ\u00e4ische Green Deal setzt ein klares Ziel: Im Rahmen des \u201eFit for 55\u201c-Pakets hat sich die EU verpflichtet, ihre Netto-Treibhausgasemissionen bis 2030 um mindestens 55% zu senken.\" \/>\n<meta property=\"og:url\" content=\"https:\/\/www.arqis.com\/en\/arqis-blog\/verordnung-zum-ausbau-von-elektrischen-ladesaulen-afir-tritt-in-kraft\/\" \/>\n<meta property=\"og:site_name\" content=\"ARQIS\" \/>\n<meta property=\"article:modified_time\" content=\"2024-10-10T08:02:13+00:00\" \/>\n<meta name=\"twitter:card\" content=\"summary_large_image\" \/>\n<meta name=\"twitter:label1\" content=\"Est. reading time\" \/>\n\t<meta name=\"twitter:data1\" content=\"3 minutes\" \/>\n<script type=\"application\/ld+json\" class=\"yoast-schema-graph\">{\"@context\":\"https:\\\/\\\/schema.org\",\"@graph\":[{\"@type\":\"WebPage\",\"@id\":\"https:\\\/\\\/www.arqis.com\\\/arqis-blog\\\/verordnung-zum-ausbau-von-elektrischen-ladesaulen-afir-tritt-in-kraft\\\/\",\"url\":\"https:\\\/\\\/www.arqis.com\\\/arqis-blog\\\/verordnung-zum-ausbau-von-elektrischen-ladesaulen-afir-tritt-in-kraft\\\/\",\"name\":\"Neues vom EU Green Deal \u2013 Die Verordnung zum Ausbau von elektrischen Lades\u00e4ulen AFIR tritt in Kraft - ARQIS\",\"isPartOf\":{\"@id\":\"https:\\\/\\\/www.arqis.com\\\/#website\"},\"datePublished\":\"2024-10-10T07:34:52+00:00\",\"dateModified\":\"2024-10-10T08:02:13+00:00\",\"description\":\"Der Europ\u00e4ische Green Deal setzt ein klares Ziel: Im Rahmen des \u201eFit for 55\u201c-Pakets hat sich die EU verpflichtet, ihre Netto-Treibhausgasemissionen bis 2030 um mindestens 55% zu senken.\",\"breadcrumb\":{\"@id\":\"https:\\\/\\\/www.arqis.com\\\/arqis-blog\\\/verordnung-zum-ausbau-von-elektrischen-ladesaulen-afir-tritt-in-kraft\\\/#breadcrumb\"},\"inLanguage\":\"en-US\",\"potentialAction\":[{\"@type\":\"ReadAction\",\"target\":[\"https:\\\/\\\/www.arqis.com\\\/arqis-blog\\\/verordnung-zum-ausbau-von-elektrischen-ladesaulen-afir-tritt-in-kraft\\\/\"]}]},{\"@type\":\"BreadcrumbList\",\"@id\":\"https:\\\/\\\/www.arqis.com\\\/arqis-blog\\\/verordnung-zum-ausbau-von-elektrischen-ladesaulen-afir-tritt-in-kraft\\\/#breadcrumb\",\"itemListElement\":[{\"@type\":\"ListItem\",\"position\":1,\"name\":\"Home\",\"item\":\"https:\\\/\\\/www.arqis.com\\\/\"},{\"@type\":\"ListItem\",\"position\":2,\"name\":\"Blog\",\"item\":\"https:\\\/\\\/www.arqis.com\\\/en\\\/arqis-blog\\\/\"},{\"@type\":\"ListItem\",\"position\":3,\"name\":\"Neues vom EU Green Deal \u2013 Die Verordnung zum Ausbau von elektrischen Lades\u00e4ulen AFIR tritt in Kraft\"}]},{\"@type\":\"WebSite\",\"@id\":\"https:\\\/\\\/www.arqis.com\\\/#website\",\"url\":\"https:\\\/\\\/www.arqis.com\\\/\",\"name\":\"ARQIS\",\"description\":\"Law\",\"potentialAction\":[{\"@type\":\"SearchAction\",\"target\":{\"@type\":\"EntryPoint\",\"urlTemplate\":\"https:\\\/\\\/www.arqis.com\\\/?s={search_term_string}\"},\"query-input\":{\"@type\":\"PropertyValueSpecification\",\"valueRequired\":true,\"valueName\":\"search_term_string\"}}],\"inLanguage\":\"en-US\"}]}<\/script>\n<!-- \/ Yoast SEO plugin. -->","yoast_head_json":{"title":"Neues vom EU Green Deal \u2013 Die Verordnung zum Ausbau von elektrischen Lades\u00e4ulen AFIR tritt in Kraft - ARQIS","description":"Der Europ\u00e4ische Green Deal setzt ein klares Ziel: Im Rahmen des \u201eFit for 55\u201c-Pakets hat sich die EU verpflichtet, ihre Netto-Treibhausgasemissionen bis 2030 um mindestens 55% zu senken.","robots":{"index":"index","follow":"follow","max-snippet":"max-snippet:-1","max-image-preview":"max-image-preview:large","max-video-preview":"max-video-preview:-1"},"canonical":"https:\/\/www.arqis.com\/en\/arqis-blog\/verordnung-zum-ausbau-von-elektrischen-ladesaulen-afir-tritt-in-kraft\/","og_locale":"en_US","og_type":"article","og_title":"Neues vom EU Green Deal \u2013 Die Verordnung zum Ausbau von elektrischen Lades\u00e4ulen AFIR tritt in Kraft - ARQIS","og_description":"Der Europ\u00e4ische Green Deal setzt ein klares Ziel: Im Rahmen des \u201eFit for 55\u201c-Pakets hat sich die EU verpflichtet, ihre Netto-Treibhausgasemissionen bis 2030 um mindestens 55% zu senken.","og_url":"https:\/\/www.arqis.com\/en\/arqis-blog\/verordnung-zum-ausbau-von-elektrischen-ladesaulen-afir-tritt-in-kraft\/","og_site_name":"ARQIS","article_modified_time":"2024-10-10T08:02:13+00:00","twitter_card":"summary_large_image","twitter_misc":{"Est. reading time":"3 minutes"},"schema":{"@context":"https:\/\/schema.org","@graph":[{"@type":"WebPage","@id":"https:\/\/www.arqis.com\/arqis-blog\/verordnung-zum-ausbau-von-elektrischen-ladesaulen-afir-tritt-in-kraft\/","url":"https:\/\/www.arqis.com\/arqis-blog\/verordnung-zum-ausbau-von-elektrischen-ladesaulen-afir-tritt-in-kraft\/","name":"Neues vom EU Green Deal \u2013 Die Verordnung zum Ausbau von elektrischen Lades\u00e4ulen AFIR tritt in Kraft - ARQIS","isPartOf":{"@id":"https:\/\/www.arqis.com\/#website"},"datePublished":"2024-10-10T07:34:52+00:00","dateModified":"2024-10-10T08:02:13+00:00","description":"Der Europ\u00e4ische Green Deal setzt ein klares Ziel: Im Rahmen des \u201eFit for 55\u201c-Pakets hat sich die EU verpflichtet, ihre Netto-Treibhausgasemissionen bis 2030 um mindestens 55% zu senken.","breadcrumb":{"@id":"https:\/\/www.arqis.com\/arqis-blog\/verordnung-zum-ausbau-von-elektrischen-ladesaulen-afir-tritt-in-kraft\/#breadcrumb"},"inLanguage":"en-US","potentialAction":[{"@type":"ReadAction","target":["https:\/\/www.arqis.com\/arqis-blog\/verordnung-zum-ausbau-von-elektrischen-ladesaulen-afir-tritt-in-kraft\/"]}]},{"@type":"BreadcrumbList","@id":"https:\/\/www.arqis.com\/arqis-blog\/verordnung-zum-ausbau-von-elektrischen-ladesaulen-afir-tritt-in-kraft\/#breadcrumb","itemListElement":[{"@type":"ListItem","position":1,"name":"Home","item":"https:\/\/www.arqis.com\/"},{"@type":"ListItem","position":2,"name":"Blog","item":"https:\/\/www.arqis.com\/en\/arqis-blog\/"},{"@type":"ListItem","position":3,"name":"Neues vom EU Green Deal \u2013 Die Verordnung zum Ausbau von elektrischen Lades\u00e4ulen AFIR tritt in Kraft"}]},{"@type":"WebSite","@id":"https:\/\/www.arqis.com\/#website","url":"https:\/\/www.arqis.com\/","name":"ARQIS","description":"Law","potentialAction":[{"@type":"SearchAction","target":{"@type":"EntryPoint","urlTemplate":"https:\/\/www.arqis.com\/?s={search_term_string}"},"query-input":{"@type":"PropertyValueSpecification","valueRequired":true,"valueName":"search_term_string"}}],"inLanguage":"en-US"}]}},"_links":{"self":[{"href":"https:\/\/www.arqis.com\/en\/wp-json\/wp\/v2\/blog\/39661","targetHints":{"allow":["GET"]}}],"collection":[{"href":"https:\/\/www.arqis.com\/en\/wp-json\/wp\/v2\/blog"}],"about":[{"href":"https:\/\/www.arqis.com\/en\/wp-json\/wp\/v2\/types\/blog"}],"wp:attachment":[{"href":"https:\/\/www.arqis.com\/en\/wp-json\/wp\/v2\/media?parent=39661"}],"wp:term":[{"taxonomy":"blogs","embeddable":true,"href":"https:\/\/www.arqis.com\/en\/wp-json\/wp\/v2\/blogs?post=39661"}],"curies":[{"name":"wp","href":"https:\/\/api.w.org\/{rel}","templated":true}]}}